{"id":518865,"date":"2021-02-18T14:51:00","date_gmt":"2021-02-18T13:51:00","guid":{"rendered":"http:\/\/www.ivg.it\/?p=518865"},"modified":"2021-02-19T14:47:05","modified_gmt":"2021-02-19T13:47:05","slug":"il-20-febbraio-una-giornata-per-celebrare-limpegno-di-operatori-sanitari-e-volontari-nella-lotta-al-covid","status":"publish","type":"post","link":"https:\/\/staging.ivg.it\/2021\/02\/il-20-febbraio-una-giornata-per-celebrare-limpegno-di-operatori-sanitari-e-volontari-nella-lotta-al-covid\/","title":{"rendered":"Il 20 febbraio una giornata per celebrare l\u2019impegno di operatori sanitari e volontari nella lotta al Covid"},"content":{"rendered":"<p><strong>Savona.<\/strong> La giornata nazionale dei professionisti sanitari, sociosanitari, socioassistenziali e del volontariato, che si celebrer\u00e0 <strong>il 20 febbraio di ogni anno<\/strong>, \u00e8 stata istituita quale &#8220;momento per onorare il lavoro, l&#8217;impegno, la professionalit\u00e0 e il sacrificio del personale medico, sanitario, sociosanitario, socioassistenziale e del volontariato nel corso della pandemia da Coronavirus nell&#8217;anno 2020&#8221;.<\/p>\n<p>Il <strong>Comune di Savona<\/strong> in collaborazione con l&#8217;<strong>ordine delle professioni infermieristiche<\/strong> (OPI) e <strong>Asl2<\/strong> Savonese aderisce con piacere alla giornata organizzando un momento di incontro e riflessione sabato mattina, 20 febbraio, dalle ore 11.00. Il sindaco di Savona, <strong>Ilaria Caprioglio<\/strong> dichiara &#8220;Un&#8217;importante giornata che la nostra Amministrazione Comunale ha desiderato celebrare nella Sala Consiglio del Palazzo del Comune di Savona, al fine di onorare e ringraziare tutto il personale medico, sanitario, sociosanitario, socioassistenziale e del volontariato <strong>per l&#8217;encomiabile lavoro svolto in occasione dell&#8217;evento pandemico tutt&#8217;ora in corso<\/strong>&#8220;.<\/p>\n<div class=\"single-img-content-container fullwidth-single shortcode standard\">\n    <div class=\"image_container\" style=\"text-align: center;\">\n        <picture class=\" lazyload\"><img loading=\"lazy\" class=\"lazy\" data-srcset=\"https:\/\/www.ivg.it\/photogallery_new\/images\/2021\/02\/generica-667763.jpg 1024w, https:\/\/www.ivg.it\/photogallery_new\/images\/2021\/02\/generica-667763.jpg 970w, https:\/\/www.ivg.it\/photogallery_new\/images\/2021\/02\/generica-667763.jpg 660w, https:\/\/www.ivg.it\/photogallery_new\/images\/2021\/02\/generica-667763.jpg 316w, https:\/\/www.ivg.it\/photogallery_new\/images\/2021\/02\/generica-667763.jpg 150w\"  data-src=\"https:\/\/www.ivg.it\/photogallery_new\/images\/2021\/02\/generica-667763.jpg\" alt=\"Generica\" \/><\/picture>\r\n\n    <\/div>\n    <\/div>\n\n<p>L&#8217;evento aprir\u00e0 con i saluti del sindaco di Savona, avv. Ilaria Caprioglio, del Prefetto dott. Antonio Canan\u00e0 e del Vescovo della diocesi Savona Noli, mons. Calogero Marino, cui seguir\u00e0 una breve introduzione del direttore di ASL 2 <strong>Marco Damonte Prioli<\/strong>, che cos\u00ec commenta: &#8220;Sar\u00e0 una buona l&#8217;occasione per ricordare tutti i colleghi che durante i lunghi di mesi di battaglia contro il Coronavirus hanno sempre dato il massimo, molti di loro si sono ammalati ma sono tornati presto in corsia per offrire ancora una volta la loro professionalit\u00e0 ed il loro impegno con encomiabile spirito di abnegazione. <strong>L&#8217;istituzione di questa giornata \u00e8 il giusto riconoscimento per tutte quelle professioni impegnate nella tutela della salute e nella cura delle persone malate<\/strong>&#8220;.<\/p>\n<p>Seguiranno gli interventi di vari ordini professionali: infermieri, medici chirurghi e odontoiatri, farmacisti, assistenti sociali oltre che del centro servizi per il volontariato. Per l&#8217;Ordine delle Professioni Infermieristiche sar\u00e0 l&#8217;occasione di presentare l&#8217;istituzione del &#8220;Fondo di Solidariet\u00e0#NoiConGlilnfermieri&#8221;, oltre che del Video &#8220;Vicini col cuore&#8221; realizzato per testimoniare l&#8217;esperienza di quest&#8217;ultimo anno di intenso lavoro.<\/p>\n<p>A conclusione dell&#8217;incontro ritireranno l&#8217;encomio della citt\u00e0 di Savona la Croce Rossa di Savona con il presidente Giuseppe Curia e la Pubblica Assistenza Croce Bianca Savona con il presidente Giovanni Carlevarino. Per assistere all&#8217;incontro online baster\u00e0\u00a0<a href=\"https:\/\/www.youtube.com\/channel\/UCeV1Kb7XeNrox5p2_hn-IgQ\/featured\">collegarsi a questo link<\/a>.<\/p>\n","protected":false},"excerpt":{"rendered":"<p>Comune di Savona e ASL 2 celebrano la prima edizione della Giornata nazionale dei professionisti sanitari, sociosanitari, socioassistenziali e del volontariato<\/p>\n","protected":false},"author":17962,"featured_media":0,"comment_status":"open","ping_status":"closed","sticky":false,"template":"","format":"standard","meta":{"footnotes":""},"categories":[45296,56,57715],"tags":[9032],"class_list":["post-518865","post","type-post","status-publish","format-standard","hentry","category-copertina","category-altre","category-no-profit","tag-asl2","post_cat_citta-savona"],"amp_validity":null,"amp_enabled":true,"_links":{"self":[{"href":"https:\/\/staging.ivg.it\/ediapi\/wp\/v2\/posts\/518865","targetHints":{"allow":["GET"]}}],"collection":[{"href":"https:\/\/staging.ivg.it\/ediapi\/wp\/v2\/posts"}],"about":[{"href":"https:\/\/staging.ivg.it\/ediapi\/wp\/v2\/types\/post"}],"author":[{"embeddable":true,"href":"https:\/\/staging.ivg.it\/ediapi\/wp\/v2\/users\/17962"}],"replies":[{"embeddable":true,"href":"https:\/\/staging.ivg.it\/ediapi\/wp\/v2\/comments?post=518865"}],"version-history":[{"count":0,"href":"https:\/\/staging.ivg.it\/ediapi\/wp\/v2\/posts\/518865\/revisions"}],"wp:attachment":[{"href":"https:\/\/staging.ivg.it\/ediapi\/wp\/v2\/media?parent=518865"}],"wp:term":[{"taxonomy":"category","embeddable":true,"href":"https:\/\/staging.ivg.it\/ediapi\/wp\/v2\/categories?post=518865"},{"taxonomy":"post_tag","embeddable":true,"href":"https:\/\/staging.ivg.it\/ediapi\/wp\/v2\/tags?post=518865"}],"curies":[{"name":"wp","href":"https:\/\/api.w.org\/{rel}","templated":true}]}}