{"id":518827,"date":"2021-02-17T19:51:47","date_gmt":"2021-02-17T18:51:47","guid":{"rendered":"http:\/\/www.ivg.it\/?p=518827"},"modified":"2021-02-18T09:54:31","modified_gmt":"2021-02-18T08:54:31","slug":"vaccinazioni-anti-covid-al-via-le-prenotazioni-anche-nelle-farmacie-liguri","status":"publish","type":"post","link":"https:\/\/staging.ivg.it\/2021\/02\/vaccinazioni-anti-covid-al-via-le-prenotazioni-anche-nelle-farmacie-liguri\/","title":{"rendered":"Vaccinazioni anti-Covid, al via le prenotazioni anche nelle farmacie liguri"},"content":{"rendered":"<p><strong>Liguria<\/strong>. Dalla mattina di gioved\u00ec 18 febbraio alle 8.30 sar\u00e0 possibile prenotare le vaccinazioni anti-Covid, per gli aventi diritto, anche nelle farmacie liguri che effettuano servizio di prenotazione Cup.<\/p>\n<p>E&#8217; stata infatti formalizzata oggi in Regione Liguria alla presenza del presidente Giovanni Toti l&#8217;intesa definita lo scorso 5 febbraio fra i vertici di Alisa, con il commissario straordinario Francesco Quaglia, il sub commissario e responsabile della prevenzione Filippo Ansaldi e il direttore della struttura complessa politiche del farmaco Barbara Rebesco e l&#8217;Unione Ligure delle associazioni titolari di farmacia rappresentata dalla presidente Elisabetta Borachia, dal vicepresidente Giuseppe Castello, dal segretario Francesco Turrin e dalla direttrice Francesca Massa. L&#8217;accordo \u00e8 stato sottoscritto anche da Assofarm, l&#8217;associazione delle farmacie pubbliche.<\/p>\n<p>Per prenotare la vaccinazione sar\u00e0 necessario recarsi nelle farmacie muniti di tessera sanitaria e di un numero di telefono cellulare: al cittadino verr\u00e0 rilasciato un foglio riepilogativo contenente i riferimenti della prenotazione (giorno, orario e luogo).<\/p>\n<p>Sar\u00e0 possibile prenotare anche per conto di altri soggetti portando con s\u00e9 in farmacia la tessera sanitaria della persona da vaccinare, sempre indicando un numero di telefono cellulare. Il servizio di prenotazione sar\u00e0 gratuito.<\/p>\n<p>&#8220;Ringrazio i farmacisti per essere qui, che hanno collaborato in tutta questa lunghissima pandemia e sono compagni di strada consolidati &#8211; ha dichiarato il presidente di Regione Liguria Giovanni Toti &#8211; L&#8217;accordo che abbiamo siglato con i farmacisti vuole moltiplicare il sistema di prenotazione e in questo senso le farmacie svolgeranno un&#8217;importante attivit\u00e0 di supporto ai canali gi\u00e0 attivati e anche di supporto logistico ai medici di medicina generale per la distribuzione e somministrazione dei vaccini, assicurando la migliore conservazione del prodotto. A questo accordo si andr\u00e0 infatti ad aggiungere anche quello con i medici di medicina generale che \u00e8 in fase di perfezionamento e consentir\u00e0 di affrontare al meglio l&#8217;attuale fase vaccinale&#8221;.<\/p>\n<p>&#8220;Siamo molto contenti dell&#8217;accordo raggiunto con Alisa e Regione Liguria, con cui abbiamo lavorato proficuamente \u2013 dichiara Elisabetta Borachia presidente dell&#8217;Unione Ligure delle associazioni titolari di farmacia &#8211; Le farmacie svolgeranno il proprio ruolo con professionalit\u00e0, liete di rendere un ulteriore servizio alla cittadinanza anche in questa battaglia fondamentale. Il concetto di farmacia come centro per molti servizi essenziali ha trovato un&#8217;altra applicazione concreta, a conferma dell&#8217;importanza del nostro ruolo sul territorio regionale, che copriamo capillarmente&#8221;.<\/p>\n<p>La capillarit\u00e0 della rete delle farmacie regionali, circa 600 su tutto il territorio della Liguria, \u00e8 stata un elemento fondamentale che ha portato alla decisione, destinata a dare un&#8217;accelerazione alla battaglia contro il virus.<\/p>\n<p>La soddisfazione dei vertici dell&#8217;Unione Ligure viene espressa dalle parole della presidente Elisabetta Borachia: &#8220;Siamo molto contenti dell&#8217;accordo raggiunto con Alisa e Regione Liguria, con cui abbiamo lavorato proficuamente. Le farmacie svolgeranno il proprio ruolo con professionalit\u00e0, fiere di rendere un ulteriore servizio alla cittadinanza anche in questa battaglia fondamentale. Il concetto di farmacia come centro per molti servizi essenziali ha trovato un&#8217;altra applicazione concreta, a conferma dell&#8217;importanza del nostro ruolo sul territorio regionale, che copriamo capillarmente&#8221;.<\/p>\n","protected":false},"excerpt":{"rendered":"<p>Formalizzato l&#8217;accordo fra Regione Liguria, Alisa, Unione Ligure e Assofarm, il servizio disponibile gratuitamente nelle farmacie che effettuano le prenotazioni Cup<\/p>\n","protected":false},"author":12120,"featured_media":0,"comment_status":"open","ping_status":"closed","sticky":false,"template":"","format":"standard","meta":{"footnotes":""},"categories":[45296,31],"tags":[85498,111891,295,117990,116179],"class_list":["post-518827","post","type-post","status-publish","format-standard","hentry","category-copertina","category-politica","tag-alisa","tag-coronavirus","tag-regione","tag-unione-ligure-delle-associazioni-titolari-di-farmacia","tag-vaccino-covid","post_tag_personaggi-barbara-rebesco","post_tag_personaggi-elisabetta-borachia","post_tag_personaggi-filippo-ansaldi","post_tag_personaggi-francesco-quaglia","post_tag_personaggi-giovanni-toti","post_tag_personaggi-giuseppe-castello"],"amp_validity":null,"amp_enabled":true,"_links":{"self":[{"href":"https:\/\/staging.ivg.it\/ediapi\/wp\/v2\/posts\/518827","targetHints":{"allow":["GET"]}}],"collection":[{"href":"https:\/\/staging.ivg.it\/ediapi\/wp\/v2\/posts"}],"about":[{"href":"https:\/\/staging.ivg.it\/ediapi\/wp\/v2\/types\/post"}],"author":[{"embeddable":true,"href":"https:\/\/staging.ivg.it\/ediapi\/wp\/v2\/users\/12120"}],"replies":[{"embeddable":true,"href":"https:\/\/staging.ivg.it\/ediapi\/wp\/v2\/comments?post=518827"}],"version-history":[{"count":0,"href":"https:\/\/staging.ivg.it\/ediapi\/wp\/v2\/posts\/518827\/revisions"}],"wp:attachment":[{"href":"https:\/\/staging.ivg.it\/ediapi\/wp\/v2\/media?parent=518827"}],"wp:term":[{"taxonomy":"category","embeddable":true,"href":"https:\/\/staging.ivg.it\/ediapi\/wp\/v2\/categories?post=518827"},{"taxonomy":"post_tag","embeddable":true,"href":"https:\/\/staging.ivg.it\/ediapi\/wp\/v2\/tags?post=518827"}],"curies":[{"name":"wp","href":"https:\/\/api.w.org\/{rel}","templated":true}]}}