{"id":518758,"date":"2021-02-17T11:33:34","date_gmt":"2021-02-17T10:33:34","guid":{"rendered":"http:\/\/www.ivg.it\/?p=518758"},"modified":"2021-02-17T11:33:34","modified_gmt":"2021-02-17T10:33:34","slug":"albenga-ciangherotti-piazza-del-popolo-senza-semaforo-ma-centralina-pericolosa-il-comune-intervenga","status":"publish","type":"post","link":"https:\/\/staging.ivg.it\/2021\/02\/albenga-ciangherotti-piazza-del-popolo-senza-semaforo-ma-centralina-pericolosa-il-comune-intervenga\/","title":{"rendered":"Albenga, Ciangherotti: &#8220;Piazza del Popolo senza semaforo ma centralina pericolosa, il Comune intervenga&#8221;"},"content":{"rendered":"<p><b>Albenga.<\/b> \u201cDa tempo il semaforo di piazza del Popolo \u00e8 stato sostituito da una rotonda, ma \u00e8 rimasta la vecchia centralina di controllo (affianco all&#8217;ingresso della filiale della Carige) che \u00e8 mezza demolita, pericolosa per i passanti, oltre ad essere d&#8217;intralcio per il passaggio di carrozzine elettriche e passeggini\u201d.<span class=\"Apple-converted-space\">\u00a0<\/span><\/p>\n<p>A denunciarlo \u00e8 il consigliere comunale Eraldo Ciangherotti, che chiede di eliminarla per \u201cporre fine alla situazione di degrado e mantenere il decoro urbano in una zona alle porte del centro storico\u201d, su cui &#8211; dice &#8211; \u201cogni giorno passa anche il \u2018guru\u2019 dell&#8217;amministrazione comunale ingauna per andare a casa\u201d.<span class=\"Apple-converted-space\">\u00a0<\/span><\/p>\n<p>&#8220;Quale differenza c&#8217;\u00e8 tra un semplice cittadino che magari viene anche multato per un ostacolo abbandonato e pericoloso per l&#8217;incolumit\u00e0 della gente e un&#8217;amministrazione pubblica che quotidianamente si gira dall&#8217;altra parte senza fare il suo dovere dando il buon esempio? Perch\u00e8 l&#8217;ufficio Viabilit\u00e0 del Comando della Municipale non provvede alla rimozione urgente del manufatto? Perch\u00e8 l&#8217;assessore Vannucci, cos\u00ec attento al decoro urbano, non dispone lo sgombero immediato? Perch\u00e8 l&#8217;assessore Gaia, cos\u00ec attenta alle problematiche sociali, non si rende conto di questo ingombro cos\u00ec mastodontico?\u201d Si domanda Cinagherotti che conclude: \u201cForza Sindaco Tomatis, datevi da fare e curate il decoro della citt\u00e0, a partire dalle vostre mancanze&#8221;.<\/p>\n","protected":false},"excerpt":{"rendered":"<p>&#8220;Venga eliminata, \u00e8 d&#8217;intralcio anche per il passaggio di carrozzine elettriche e passeggini\u201d<\/p>\n","protected":false},"author":19447,"featured_media":0,"comment_status":"open","ping_status":"closed","sticky":false,"template":"","format":"standard","meta":{"footnotes":""},"categories":[45296,34,31],"tags":[12833,1248],"class_list":["post-518758","post","type-post","status-publish","format-standard","hentry","category-copertina","category-cronaca","category-politica","tag-decoro-urbano","tag-piazza-del-popolo","post_cat_citta-albenga","post_tag_personaggi-eraldo-ciangherotti-2"],"amp_validity":null,"amp_enabled":true,"_links":{"self":[{"href":"https:\/\/staging.ivg.it\/ediapi\/wp\/v2\/posts\/518758","targetHints":{"allow":["GET"]}}],"collection":[{"href":"https:\/\/staging.ivg.it\/ediapi\/wp\/v2\/posts"}],"about":[{"href":"https:\/\/staging.ivg.it\/ediapi\/wp\/v2\/types\/post"}],"author":[{"embeddable":true,"href":"https:\/\/staging.ivg.it\/ediapi\/wp\/v2\/users\/19447"}],"replies":[{"embeddable":true,"href":"https:\/\/staging.ivg.it\/ediapi\/wp\/v2\/comments?post=518758"}],"version-history":[{"count":0,"href":"https:\/\/staging.ivg.it\/ediapi\/wp\/v2\/posts\/518758\/revisions"}],"wp:attachment":[{"href":"https:\/\/staging.ivg.it\/ediapi\/wp\/v2\/media?parent=518758"}],"wp:term":[{"taxonomy":"category","embeddable":true,"href":"https:\/\/staging.ivg.it\/ediapi\/wp\/v2\/categories?post=518758"},{"taxonomy":"post_tag","embeddable":true,"href":"https:\/\/staging.ivg.it\/ediapi\/wp\/v2\/tags?post=518758"}],"curies":[{"name":"wp","href":"https:\/\/api.w.org\/{rel}","templated":true}]}}