{"id":518616,"date":"2021-02-15T14:01:47","date_gmt":"2021-02-15T13:01:47","guid":{"rendered":"http:\/\/www.ivg.it\/?p=518616"},"modified":"2021-02-15T15:29:17","modified_gmt":"2021-02-15T14:29:17","slug":"vaccini-covid-lappello-di-toti-evitiamo-la-corsa-per-le-prenotazioni-nessuno-restera-senza","status":"publish","type":"post","link":"https:\/\/staging.ivg.it\/2021\/02\/vaccini-covid-lappello-di-toti-evitiamo-la-corsa-per-le-prenotazioni-nessuno-restera-senza\/","title":{"rendered":"Vaccini Covid, l&#8217;appello di Toti: &#8220;Evitiamo la corsa per le prenotazioni, nessuno rester\u00e0 senza&#8221;"},"content":{"rendered":"<p><strong>Liguria.<\/strong> &#8220;Evitiamo la corsa al vaccino, nessuno rester\u00e0 senza. Non occorre stare attaccati al telefono e al pc nelle prime ore&#8221;. \u00c8 l&#8217;appello di <strong>Giovanni Toti<\/strong>, presidente della Regione Liguria, quando \u00e8 scattato il conto alla rovescia per l&#8217;avvio delle prenotazioni del farmaco (<a href=\"http:\/\/www.genova24.it\/2021\/02\/vaccini-anti-covid-dalle-23-di-stasera-via-alle-prenotazioni-ma-solo-per-gli-over-90-250945\/\">qui tutte le informazioni<\/a>), possibili dalle 23 di oggi (15 febbraio) solo per gli over 90 sul portale dedicato <a href=\"http:\/\/prenotovaccino.regione.liguria.it\/\" target=\"_blank\" rel=\"nofollow noopener\">prenotovaccino.regione.liguria.it<\/a>\u00a0creato da Liguria Digitale.<\/p>\n<p>&#8220;Garantisco che<strong> nessuno verr\u00e0 lasciato indietro<\/strong> &#8211; spiega Toti -. Partiamo dai concittadini che ne hanno pi\u00f9 bisogno, ovvero gli ultranovantenni, poi gli 85anni, poi gli 80enni e infine da mercoled\u00ec tutti potranno prenotarsi attraverso gli sportelli Cup ma potranno essere vaccinati attraverso le tante iniziative delle nostre aziende territoriali&#8221;. <\/p>\n<p><strong>Il sito dedicato alle prenotazioni &#8220;\u00e8 stato testato per 3mila accessi contemporanei<\/strong> &#8211; ha spiegato <strong>Enrico Castanini<\/strong>, direttore generale di Liguria Digitale &#8211; ma abbiamo previsto anche la possibilit\u00e0 di una coda, quindi c&#8217;\u00e8 un sistema che gestisce le code. Speriamo che ci sia una partenza abbastanza diluita. Non c&#8217;\u00e8 nessuna fretta di prenotare perch\u00e9 questi sistemi dureranno mesi, fino alla fine di maggio non c&#8217;\u00e8 bisogno di correre&#8221;.<\/p>\n<p>Dalle 6 del mattino di domani 16 febbraio ci saranno 120 operatori pronti a rispondere al numero verde <strong>800938818<\/strong> che per i prossimi due giorni sar\u00e0 dedicato esclusivamente alle vaccinazioni (come anche gli sportelli fisici). Da gioved\u00ec si potr\u00e0 prenotare anche in farmacia e (la data \u00e8 ancora da definire) presso i medici di medicina generale.<\/p>\n\n<p>&#8220;Il sistema di prenotazione \u00e8 complesso e imponente e si predispone a dare risposte a<strong> numeri giganteschi mai affrontati nella storia italiana dal dopoguerra a oggi<\/strong> &#8211; commenta Toti &#8211; Inutile negare che si creer\u00e0 qualche disagio, ma piano piano il sistema entrer\u00e0 a regime con tempi di risposta via via pi\u00f9 ridotti, e le nostre aziende vaccineranno sul territorio proprio per sgravare i canali di accesso. L&#8217;obiettivo a regime \u00e8 somministrare 20mila vaccinazioni a settimana: nessuno rester\u00e0 senza vaccino. Non occorre quindi nelle prime ore rimanere attaccati al pc o al telefono o precipitarsi agli sportelli Cup, ci sar\u00e0 tutto il tempo di prenotare anche nei prossimi giorni e nelle prossime settimane&#8221;.<\/p>\n<p>&#8220;Ci sar\u00e0 sicuramente qualche disagio \u2013 ha aggiunto il presidente \u2013 ma entro pochi giorni il sistema entrer\u00e0 a regime e i tempi di risposta si ridurranno. Via via proceder\u00e0 anche il piano di vaccinazione organizzato dalle Asl nei piccoli comuni, con giornate vaccinali dedicate ai residenti over80, che quindi non dovranno prenotarsi. L&#8217;appello che rivolgo ai cittadini \u00e8 di evitare la corsa al vaccino: entro maggio la vaccinazione sar\u00e0 somministrata a tutti gli over80 della Liguria&#8221;.<\/p>\n<p>&#8220;Da gioved\u00ec \u2013 ha proseguito Toti \u2013 sar\u00e0 possibile prenotare la vaccinazione anche nelle farmacie del nostro territorio. Gli studi dei medici di medicina generale partiranno nei prossimi giorni soprattutto per la somministrazione agli under55enni del vaccino Astrazeneca, che viene distribuito direttamente al sistema della medicina territoriale. Per consentire nei primi tre giorni di prenotazione, da domani a gioved\u00ec abbiamo previsto che il numero verde per la prenotazione delle altre prestazioni (800 098 543) non sia attivo, in modo da poter concentrare tutti i 200 operatori sulla prenotazione dei vaccini&#8221;.<\/p>\n<p>Il Commissario per l&#8217;Innovazione tecnologica e direttore generale di Liguria Digitale Enrico Castanini ha spiegato che &#8220;per over80 intendiamo tutti le persone nate entro il 1941. Tra questi, tuttavia, non dovranno prenotare la vaccinazione coloro che verranno dimessi dagli ospedali per patologie diverse dal Covid, gli over80 non deambulanti che saranno contattati direttamente dalle Asl per la vaccinazione al domicilio e tutti gli over80 residenti nei piccoli comuni in cui le Asl stanno organizzando giornate vaccinali in loco d&#8217;intesa con i sindaci. Alcune Asl hanno previsto questo sistema anche per Comuni pi\u00f9 grandi come Santa Margherita Ligure. Comunque sia, non c&#8217;\u00e8 fretta: il consiglio che posso dare \u00e8 quello di aspettare qualche giorno perch\u00e9 le prenotazioni dureranno mesi, fino a maggio&#8221;.<\/p>\n<p>Intervenuta anche la direttrice delle Politiche del farmaco dell&#8217;Azienda ligure sanitaria Alisa e responsabile della logistica dei vaccini Barbara Rebesco che ha ricordato l&#8217;impegno assunto il 27 dicembre scorso in merito alla continuit\u00e0 del processo di vaccinazione: &#8220;Nonostante l&#8217;indeterminatezza sulle consegne dei vaccini e sui tempi, la campagna vaccinale \u00e8 proseguita senza sosta: entro la prima settimana di marzo completeremo la fase1 rivolta a sanitari e Rsa con la somministrazione di tutte le seconde dosi. Iniziamo, in parallelo, la vaccinazione degli over80 e poi, attraverso la medicina territoriale, anche quella rivolta agli under55 con il vaccino Astrazeneca. Entro la fine di febbraio avremo ricevuto 123.570 dosi di vaccino Pfizer: ci \u00e8 gi\u00e0 stata comunicata anche la programmazione delle consegne per le prime due settimane di marzo che speriamo venga sempre rispettata&#8221;. Per quanto riguarda i farmacisti, Rebesco ha evidenziato che &#8220;per noi sono partner importanti nell&#8217;ottica della &#8216;farmacia dei servizi&#8217;, sono garanzia di professionalit\u00e0 e capillarit\u00e0 nell&#8217;erogazione delle prestazioni sanitarie. Per questo prevediamo un loro coinvolgimento nel sistema di prenotazione dei vaccini e supporto anche nella gestione della campagna vaccinale. L&#8217;obiettivo finale \u00e8 garantire uniformit\u00e0 nell&#8217;erogazione della vaccinazione a tutti gli aventi diritto&#8221;, ha concluso.<\/p>\n","protected":false},"excerpt":{"rendered":"<p>Si teme l&#8217;assalto informatico: &#8220;Non c&#8217;\u00e8 bisogno di correre&#8221;<\/p>\n","protected":false},"author":4,"featured_media":0,"comment_status":"open","ping_status":"closed","sticky":false,"template":"","format":"standard","meta":{"footnotes":""},"categories":[34,31],"tags":[115788,117667,117581],"class_list":["post-518616","post","type-post","status-publish","format-standard","hentry","category-cronaca","category-politica","tag-emergenza-covid","tag-piano-vaccinale","tag-vaccinazione-covid","post_tag_personaggi-giovanni-toti"],"amp_validity":null,"amp_enabled":true,"_links":{"self":[{"href":"https:\/\/staging.ivg.it\/ediapi\/wp\/v2\/posts\/518616","targetHints":{"allow":["GET"]}}],"collection":[{"href":"https:\/\/staging.ivg.it\/ediapi\/wp\/v2\/posts"}],"about":[{"href":"https:\/\/staging.ivg.it\/ediapi\/wp\/v2\/types\/post"}],"author":[{"embeddable":true,"href":"https:\/\/staging.ivg.it\/ediapi\/wp\/v2\/users\/4"}],"replies":[{"embeddable":true,"href":"https:\/\/staging.ivg.it\/ediapi\/wp\/v2\/comments?post=518616"}],"version-history":[{"count":0,"href":"https:\/\/staging.ivg.it\/ediapi\/wp\/v2\/posts\/518616\/revisions"}],"wp:attachment":[{"href":"https:\/\/staging.ivg.it\/ediapi\/wp\/v2\/media?parent=518616"}],"wp:term":[{"taxonomy":"category","embeddable":true,"href":"https:\/\/staging.ivg.it\/ediapi\/wp\/v2\/categories?post=518616"},{"taxonomy":"post_tag","embeddable":true,"href":"https:\/\/staging.ivg.it\/ediapi\/wp\/v2\/tags?post=518616"}],"curies":[{"name":"wp","href":"https:\/\/api.w.org\/{rel}","templated":true}]}}