{"id":518430,"date":"2021-02-12T14:38:13","date_gmt":"2021-02-12T13:38:13","guid":{"rendered":"http:\/\/www.ivg.it\/?p=518430"},"modified":"2021-02-12T14:38:13","modified_gmt":"2021-02-12T13:38:13","slug":"servizi-ambientali-le-minoranze-il-sindaco-si-erge-a-capopopolo-e-cerca-un-nemico-per-non-assumersi-responsabilita","status":"publish","type":"post","link":"https:\/\/staging.ivg.it\/2021\/02\/servizi-ambientali-le-minoranze-il-sindaco-si-erge-a-capopopolo-e-cerca-un-nemico-per-non-assumersi-responsabilita\/","title":{"rendered":"Servizi Ambientali, le minoranze: &#8220;Il sindaco si erge a capopopolo e cerca un &#8216;nemico&#8217; per non assumersi responsabilit\u00e0&#8221;"},"content":{"rendered":"<p><strong>Borghetto Santo Spirito<\/strong>. I consiglieri comunali dei gruppi \u201cIn Cammino\u201d e \u201cLiberiamo Borghetto\u201d Giancarlo Maritano e Maria Grazia Oliva, Pier Paolo Villa e Daniela Guzzardi, tornano sulla presunta \u201c<a href=\"https:\/\/www.ivg.it\/2021\/02\/borghetto-la-denuncia-del-sindaco-canepa-da-servizi-ambientali-grave-violazione-dei-dati-personali-di-centinaia-di-cittadini\/\">fuga di dati personali<\/a>\u201d avvenuta qualche giorno fa all&#8217;interno di Servizi Ambientali.<\/p>\n<p>\u201cSulla vicenda della Servizi Ambientali \u00e8 necessario, a tutela dei cittadini, fare quella chiarezza che fino a oggi non c&#8217;\u00e8 stata \u2013 spiegano i consiglieri di minoranza \u2013 A breve chiederemo un incontro del consiglio comunale con la dirigenza della societ\u00e0 per definire una volta per tutte le questioni su cui non \u00e8 ancora stata fatta piena luce, a partire dalla vicenda dei depositi cauzionali e dalle motivazioni che stanno alla base dei ritardi nei pagamenti delle bollette. Ritardi, questi, di cui non abbiamo alcuna intenzione di attribuire la responsabilit\u00e0 ai cittadini (che anzi, sono quelli che pi\u00f9 hanno da perdere in questa situazione) e neppure ad alcun altro soggetto\u201d.<\/p>\n<p>\u201cA noi interessa capire come stanno davvero le cose: questo \u00e8 il motivo per cui si fanno interrogazioni e si chiede documentazione. Noi prendiamo atto del fatto che esiste un problema e vogliamo che se ne comprendano le ragioni (bollette sbagliate? Mancata definizione, dopo mesi, della questione dei depositi cauzionali? Altro ancora?) e che lo si risolva. Di questo dovrebbe occuparsi il sindaco Canepa, anzich\u00e9 atteggiarsi a capopopolo che indica il problema ma si guarda bene dal trovare una soluzione. Lo schema \u00e8 tristemente familiare: c&#8217;\u00e8 un problema, mi ergo a capopopolo, alzo i toni e trovo il massimo numero possibile di &#8216;nemici&#8217; contro cui aizzare le persone, in modo che queste si stringano a me, attribuiscano ogni colpa al &#8216;nemico&#8217; e si dimentichino delle mie responsabilit\u00e0. Niente di troppo nuovo n\u00e9 di troppo originale, ahinoi\u201d.<\/p>\n<p>\u201cDietro questa facciata c&#8217;\u00e8 la realt\u00e0 di una votazione in CdA, quella sui depositi cauzionali, nella quale chi rappresentava Borghetto ha votato a favore ed \u00e8 stata in seguito promossa, sempre su indicazione del nostro Comune, alla presidenza dell&#8217;azienda. E pi\u00f9 in generale, c&#8217;\u00e8 la realt\u00e0 di una societ\u00e0 pubblica ormai ridotta alla paralisi perch\u00e9 alcuni hanno deciso di farne terreno di scontro politico per la leadership del centrodestra nel territorio del ponente. Con buona pace degli interessi dei cittadini e della qualit\u00e0 del servizio\u201d.<\/p>\n","protected":false},"excerpt":{"rendered":"<p>I consiglieri comunali tornano sulla presunta \u201cfuga di dati personali\u201d avvenuta qualche giorno fa<\/p>\n","protected":false},"author":12120,"featured_media":0,"comment_status":"open","ping_status":"closed","sticky":false,"template":"","format":"standard","meta":{"footnotes":""},"categories":[45296,35,31],"tags":[89950,94448,94449,25057],"class_list":["post-518430","post","type-post","status-publish","format-standard","hentry","category-copertina","category-economia","category-politica","tag-comune-di-borghetto-santo-spirito","tag-in-cammino","tag-liberiamo-borghetto","tag-servizi-ambientali","post_tag_personaggi-daniela-guzzardi","post_tag_personaggi-giancarlo-canepa","post_tag_personaggi-giancarlo-maritano","post_tag_personaggi-maria-grazia-oliva","post_tag_personaggi-pier-paolo-villa"],"amp_validity":null,"amp_enabled":true,"_links":{"self":[{"href":"https:\/\/staging.ivg.it\/ediapi\/wp\/v2\/posts\/518430","targetHints":{"allow":["GET"]}}],"collection":[{"href":"https:\/\/staging.ivg.it\/ediapi\/wp\/v2\/posts"}],"about":[{"href":"https:\/\/staging.ivg.it\/ediapi\/wp\/v2\/types\/post"}],"author":[{"embeddable":true,"href":"https:\/\/staging.ivg.it\/ediapi\/wp\/v2\/users\/12120"}],"replies":[{"embeddable":true,"href":"https:\/\/staging.ivg.it\/ediapi\/wp\/v2\/comments?post=518430"}],"version-history":[{"count":0,"href":"https:\/\/staging.ivg.it\/ediapi\/wp\/v2\/posts\/518430\/revisions"}],"wp:attachment":[{"href":"https:\/\/staging.ivg.it\/ediapi\/wp\/v2\/media?parent=518430"}],"wp:term":[{"taxonomy":"category","embeddable":true,"href":"https:\/\/staging.ivg.it\/ediapi\/wp\/v2\/categories?post=518430"},{"taxonomy":"post_tag","embeddable":true,"href":"https:\/\/staging.ivg.it\/ediapi\/wp\/v2\/tags?post=518430"}],"curies":[{"name":"wp","href":"https:\/\/api.w.org\/{rel}","templated":true}]}}