{"id":518372,"date":"2021-02-12T10:32:13","date_gmt":"2021-02-12T09:32:13","guid":{"rendered":"http:\/\/www.ivg.it\/?p=518372"},"modified":"2021-02-12T10:32:13","modified_gmt":"2021-02-12T09:32:13","slug":"finale-ligure-le-persone-al-centro-citta-sporca-e-trasandata-serve-piano-marshall","status":"publish","type":"post","link":"https:\/\/staging.ivg.it\/2021\/02\/finale-ligure-le-persone-al-centro-citta-sporca-e-trasandata-serve-piano-marshall\/","title":{"rendered":"Finale Ligure, Le Persone al Centro: &#8220;Citt\u00e0 sporca e trasandata, serve piano Marshall&#8221;"},"content":{"rendered":"<p><strong>Finale Ligure<\/strong>. &#8220;Nel piano triennale delle opere pubbliche dell&#8217;amministrazione comunale di Finale Ligure non sono presenti un piano sistematico di manutenzione che da ordinaria dovrebbe diventare straordinaria per almeno 100mila euro di interventi in uno dei tre anni&#8221;.<\/p>\n<p>E&#8217; quanto ha evidenziato durante l&#8217;ultimo consiglio comunale dal gruppo di minoranza &#8220;Le persone al centro&#8221;. &#8220;Finale &#8211; spiegano dal gruppo &#8211; \u00e8 sporca e trasandata e occorrerebbe un vero e proprio piano Marshall per ridarle ordine, decoro e dignit\u00e0. Rispettare la storia e la memoria della citt\u00e0 crea maggior attaccamento in chi la vive e rinsalda quel giusto bagaglio di valori identitari, fondamentali per gestire le future sfide cittadine&#8221;.<\/p>\n<p>&#8220;Notiamo &#8211; continuano &#8211; la totale assenza di provvedimenti relativi alla scuola elementare di Finalborgo nonostante gli annunci dello scorso luglio che avevano promesso una nuova sede nel Rione e un inopportuno ampliamento delle gi\u00e0 congestionate scuole di via Brunenghi&#8221;.<\/p>\n<p>&#8220;L&#8217;ultimo difetto \u00e8 il mancato inserimento della gestione della rete sentieristica e della realizzazione di servizi e parcheggi a servizio delle palestre di roccia. Siamo consapevoli che, dai programmi GAL, tutt&#8217;altro che tempestivi, possano arrivare risorse importanti per interventi straordinari, ma riteniamo che la capitale dell&#8217;outdoor debba gestire in maniera pi\u00f9 sistematica ed organizzata lo splendido territorio che la circonda, fondamentale in chiave turistica&#8221;.<\/p>\n<p>&#8220;Una mail quindicinale &#8211; concludono -, protocollata con tutti gli interventi segnalati da cittadini e turisti, \u00e8 l\u2019iniziativa che lanceremo presto. Su un punto siamo, invece, assolutamente d\u2019accordo: lo stato di degrado di via Dante. Siamo lieti che anche l\u2019amministrazione, dopo averla disastrata, abbia finalmente maturato, almeno formalmente, questa sensibilit\u00e0&#8221;.<\/p>\n","protected":false},"excerpt":{"rendered":"<p>&#8220;Nel piano triennale delle opere pubbliche dell&#8217;amministrazione non \u00e8 presente un piano sistematico di manutenzione&#8221;<\/p>\n","protected":false},"author":20734,"featured_media":0,"comment_status":"open","ping_status":"closed","sticky":false,"template":"","format":"standard","meta":{"footnotes":""},"categories":[45296,35,31],"tags":[110192],"class_list":["post-518372","post","type-post","status-publish","format-standard","hentry","category-copertina","category-economia","category-politica","tag-persone-al-centro","post_cat_citta-finale-ligure"],"amp_validity":null,"amp_enabled":true,"_links":{"self":[{"href":"https:\/\/staging.ivg.it\/ediapi\/wp\/v2\/posts\/518372","targetHints":{"allow":["GET"]}}],"collection":[{"href":"https:\/\/staging.ivg.it\/ediapi\/wp\/v2\/posts"}],"about":[{"href":"https:\/\/staging.ivg.it\/ediapi\/wp\/v2\/types\/post"}],"author":[{"embeddable":true,"href":"https:\/\/staging.ivg.it\/ediapi\/wp\/v2\/users\/20734"}],"replies":[{"embeddable":true,"href":"https:\/\/staging.ivg.it\/ediapi\/wp\/v2\/comments?post=518372"}],"version-history":[{"count":0,"href":"https:\/\/staging.ivg.it\/ediapi\/wp\/v2\/posts\/518372\/revisions"}],"wp:attachment":[{"href":"https:\/\/staging.ivg.it\/ediapi\/wp\/v2\/media?parent=518372"}],"wp:term":[{"taxonomy":"category","embeddable":true,"href":"https:\/\/staging.ivg.it\/ediapi\/wp\/v2\/categories?post=518372"},{"taxonomy":"post_tag","embeddable":true,"href":"https:\/\/staging.ivg.it\/ediapi\/wp\/v2\/tags?post=518372"}],"curies":[{"name":"wp","href":"https:\/\/api.w.org\/{rel}","templated":true}]}}