{"id":518284,"date":"2021-02-11T07:56:59","date_gmt":"2021-02-11T06:56:59","guid":{"rendered":"http:\/\/www.ivg.it\/?p=518284"},"modified":"2021-02-11T07:56:59","modified_gmt":"2021-02-11T06:56:59","slug":"scippo-in-via-piave-a-savona-un-minorenne-ed-un-21enne-i-responsabili","status":"publish","type":"post","link":"https:\/\/staging.ivg.it\/2021\/02\/scippo-in-via-piave-a-savona-un-minorenne-ed-un-21enne-i-responsabili\/","title":{"rendered":"Scippo in via Piave a Savona: un minorenne ed un 21enne i responsabili"},"content":{"rendered":"<p><strong>Savona<\/strong>. Sono un ragazzo ancora minorenne e un 21enne di Quiliano, M.B., i responsabili dello scippo ai danni di un&#8217;anziana avvenuto ieri pomeriggio a Savona.<\/p>\n<p>Nel pomeriggio di ieri i militari del nucleo operativo e radiomobile di Savona sono intervenuti in via Piave dove, poco prima, due giovani avevano strappato di mano la borsa a una signora. A causa dello scippo l&#8217;anziana era caduta a terra procurandosi lievi lesioni.<\/p>\n<p>I due giovani hanno tentato di darsi alla fuga, ma sono stati bloccati da alcuni passanti giunti in soccorso della donna, i quali li hanno trattenuti fino all\u2019arrivo dei militari.<\/p>\n<p>Entrambi i fermati sono stati accompagnati in caserma e dovranno rispondere del reato di furto con strappo: il pi\u00f9 giovane dei due, ancora minorenne, \u00e8 stato denunciato in stato di libert\u00e0; M.B. 21enne di Quiliano, \u00e8 stato invece arrestato e verr\u00e0 giudicato in data odierna con rito direttissimo.<\/p>\n<p>La borsa \u00e8 stata recuperata e restituita alla proprietaria.<\/p>\n","protected":false},"excerpt":{"rendered":"<p>I due giovani hanno tentato di darsi alla fuga, ma sono stati bloccati da alcuni passanti<\/p>\n","protected":false},"author":12120,"featured_media":0,"comment_status":"open","ping_status":"closed","sticky":false,"template":"","format":"standard","meta":{"footnotes":""},"categories":[45296,34],"tags":[100419,89595,93071],"class_list":["post-518284","post","type-post","status-publish","format-standard","hentry","category-copertina","category-cronaca","tag-compagnia-carabinieri-savona","tag-nucleo-operativo-e-radiomobile-savona","tag-tentato-scippo","post_cat_citta-savona"],"amp_validity":null,"amp_enabled":true,"_links":{"self":[{"href":"https:\/\/staging.ivg.it\/ediapi\/wp\/v2\/posts\/518284","targetHints":{"allow":["GET"]}}],"collection":[{"href":"https:\/\/staging.ivg.it\/ediapi\/wp\/v2\/posts"}],"about":[{"href":"https:\/\/staging.ivg.it\/ediapi\/wp\/v2\/types\/post"}],"author":[{"embeddable":true,"href":"https:\/\/staging.ivg.it\/ediapi\/wp\/v2\/users\/12120"}],"replies":[{"embeddable":true,"href":"https:\/\/staging.ivg.it\/ediapi\/wp\/v2\/comments?post=518284"}],"version-history":[{"count":0,"href":"https:\/\/staging.ivg.it\/ediapi\/wp\/v2\/posts\/518284\/revisions"}],"wp:attachment":[{"href":"https:\/\/staging.ivg.it\/ediapi\/wp\/v2\/media?parent=518284"}],"wp:term":[{"taxonomy":"category","embeddable":true,"href":"https:\/\/staging.ivg.it\/ediapi\/wp\/v2\/categories?post=518284"},{"taxonomy":"post_tag","embeddable":true,"href":"https:\/\/staging.ivg.it\/ediapi\/wp\/v2\/tags?post=518284"}],"curies":[{"name":"wp","href":"https:\/\/api.w.org\/{rel}","templated":true}]}}