{"id":518269,"date":"2021-02-10T18:07:29","date_gmt":"2021-02-10T17:07:29","guid":{"rendered":"http:\/\/www.ivg.it\/?p=518269"},"modified":"2021-02-10T18:52:02","modified_gmt":"2021-02-10T17:52:02","slug":"dimmi-a-chi-intitoli-le-vie-ti-diro-che-citta-sei","status":"publish","type":"post","link":"https:\/\/staging.ivg.it\/2021\/02\/dimmi-a-chi-intitoli-le-vie-ti-diro-che-citta-sei\/","title":{"rendered":"Dimmi a chi intitoli le vie, ti dir\u00f2 che citt\u00e0 sei"},"content":{"rendered":"<p>Loano, la mia Loano, \u00e8 stata la prima citt\u00e0 italiana a dedicare una via ai Martiri delle Foibe.<\/p>\n<div class=\"single-img-content-container fullwidth-single shortcode standard\">\n    <div class=\"image_container\" style=\"text-align: center;\">\n        <picture class=\" lazyload\"><img loading=\"lazy\" class=\"lazy\" data-srcset=\"https:\/\/www.ivg.it\/photogallery_new\/images\/2021\/02\/generica-666309.jpg 1024w, https:\/\/www.ivg.it\/photogallery_new\/images\/2021\/02\/generica-666309.jpg 970w, https:\/\/www.ivg.it\/photogallery_new\/images\/2021\/02\/generica-666309.jpg 660w, https:\/\/www.ivg.it\/photogallery_new\/images\/2021\/02\/generica-666309.jpg 316w, https:\/\/www.ivg.it\/photogallery_new\/images\/2021\/02\/generica-666309.jpg 150w\"  data-src=\"https:\/\/www.ivg.it\/photogallery_new\/images\/2021\/02\/generica-666309.jpg\" alt=\"Loano Martiri\" \/><\/picture>\r\n\n    <\/div>\n    <\/div>\n\n<p>La scelta di quale strada scegliere non fu casuale; allora ero un giovane vice sindaco, era l&#8217;aprile del 1997, e di li a pochi giorni un rappresentante dell&#8217;Anpi ci avrebbe attaccato pubblicamente durante le celebrazioni del 25 Aprile, accusandoci di revisionismo.<\/p>\n<p>Ma noi, precursori di quello che l&#8217;Italia avrebbe fatto solo sette anni dopo con l&#8217;istituzione del &#8220;Giorno del Ricordo&#8221;, sapevamo quale fosse la cosa giusta da fare e, non senza qualche &#8220;resistenza&#8221;, anche nella nostra maggioranza, individuammo una via centrale, dal grande significato simbolico.<\/p>\n<p>Via Martiri delle Foibe collega corso Roma, piazzale Giuseppe Mazzini, corso Europa e via Trento e Trieste.<\/p>\n<p>L&#8217;Italia e la memoria degli italiani si onorano (o si umiliano) anche attraverso la toponomastica.<\/p>\n<p style=\"text-align: right;\"><em><strong>Angelo Vaccarezza<\/strong><\/em><\/p>\n","protected":false},"excerpt":{"rendered":"<p>di Angelo Vaccarezza<\/p>\n","protected":false},"author":12120,"featured_media":0,"comment_status":"open","ping_status":"closed","sticky":false,"template":"","format":"standard","meta":{"footnotes":""},"categories":[45296,120,31],"tags":[6411,6507,72894],"class_list":["post-518269","post","type-post","status-publish","format-standard","hentry","category-copertina","category-lettere","category-politica","tag-foibe","tag-giorno-del-ricordo","tag-martiri-delle-foibe","post_cat_citta-loano","post_tag_personaggi-angelo-vaccarezza"],"amp_validity":null,"amp_enabled":true,"_links":{"self":[{"href":"https:\/\/staging.ivg.it\/ediapi\/wp\/v2\/posts\/518269","targetHints":{"allow":["GET"]}}],"collection":[{"href":"https:\/\/staging.ivg.it\/ediapi\/wp\/v2\/posts"}],"about":[{"href":"https:\/\/staging.ivg.it\/ediapi\/wp\/v2\/types\/post"}],"author":[{"embeddable":true,"href":"https:\/\/staging.ivg.it\/ediapi\/wp\/v2\/users\/12120"}],"replies":[{"embeddable":true,"href":"https:\/\/staging.ivg.it\/ediapi\/wp\/v2\/comments?post=518269"}],"version-history":[{"count":0,"href":"https:\/\/staging.ivg.it\/ediapi\/wp\/v2\/posts\/518269\/revisions"}],"wp:attachment":[{"href":"https:\/\/staging.ivg.it\/ediapi\/wp\/v2\/media?parent=518269"}],"wp:term":[{"taxonomy":"category","embeddable":true,"href":"https:\/\/staging.ivg.it\/ediapi\/wp\/v2\/categories?post=518269"},{"taxonomy":"post_tag","embeddable":true,"href":"https:\/\/staging.ivg.it\/ediapi\/wp\/v2\/tags?post=518269"}],"curies":[{"name":"wp","href":"https:\/\/api.w.org\/{rel}","templated":true}]}}