{"id":518161,"date":"2021-02-09T14:15:44","date_gmt":"2021-02-09T13:15:44","guid":{"rendered":"http:\/\/www.ivg.it\/?p=518161"},"modified":"2021-02-09T14:15:44","modified_gmt":"2021-02-09T13:15:44","slug":"stop-caccia-capo-noli-e-manie-le-precisazioni-dei-promotori-della-petizione","status":"publish","type":"post","link":"https:\/\/staging.ivg.it\/2021\/02\/stop-caccia-capo-noli-e-manie-le-precisazioni-dei-promotori-della-petizione\/","title":{"rendered":"Stop caccia Capo Noli e Manie, le precisazioni dei promotori della petizione"},"content":{"rendered":"<p><strong>Noli.<\/strong> &#8220;Alla luce di alcune cose che abbiamo letto a proposito della nostra <a href=\"https:\/\/www.ivg.it\/2021\/02\/capo-noli-e-le-manie-non-sono-aree-adatte-alla-caccia-al-via-la-petizione-online\/\">petizione lanciata sabato scorso<\/a>, riteniamo doverose un paio di precisazioni&#8221;. A parlare, in una nota esplicativa, \u00e8 l&#8217;associazione <strong>Noli Social Club<\/strong>, che nei giorni scorsi ha lanciato una petizione online avente ad oggetto l&#8217;attivit\u00e0 di caccia sulle Manie e nella zona di Capo Noli.<\/p>\n<p>&#8220;<strong>E&#8217; una petizione contro la caccia in generale?<\/strong> No &#8211; precisano dall&#8217;associazione nolese -. Ognuno pu\u00f2 poi avere personali opinioni su questo, ma come anche chiaro dal testo della petizione, non \u00e8 questo il tema.\u00a0<strong>Si sostiene che i cacciatori non rispettino le norme?<\/strong> Assolutamente no. Sappiamo perfettamente che l&#8217;attivit\u00e0 venatoria \u00e8 regolamentata&#8221;.<\/p>\n<p>&#8220;<strong>Il punto \u00e8 un altro<\/strong> &#8211; spiegano -. Si \u00e8 voluto porre un quesito: ha senso che, in due aree in cui sono presenti molti sentieri dal forte flusso turistico, venga svolta un&#8217;attivit\u00e0 chiaramente poco sovrapponibile come la caccia? Secondo noi, no. E il senso della petizione \u00e8 quello di capire se l&#8217;impressione \u00e8 condivisa o meno, per poi chiedere a chi ne ha l&#8217;autorit\u00e0 di valutare se ci sono opzioni alternative&#8221;.<\/p>\n<p>&#8220;Del resto, da tempo <strong>c&#8217;\u00e8 un confronto sul tema &#8216;bikers-camminatori&#8217;<\/strong>, per capire se \u00e8 possibile creare sentieri appositamente dedicati, proprio per ovviare ad alcuni problemi di convivenza che a volte si creano. Non si capisce per quale motivo non sia possibile porre lo stesso tipo di problema riguardo l&#8217;attivit\u00e0 venatoria.\u00a0Speriamo di aver chiarito definitivamente la natura dell&#8217;iniziativa, qualora non fosse gi\u00e0 stato chiaro&#8221; concludono.<\/p>\n","protected":false},"excerpt":{"rendered":"<p>L&#8217;associazione Noli Social Club spiega nel dettaglio il senso della petizione lanciata online nei giorni scorsi <\/p>\n","protected":false},"author":17962,"featured_media":0,"comment_status":"open","ping_status":"closed","sticky":false,"template":"","format":"standard","meta":{"footnotes":""},"categories":[45296,56],"tags":[899,2387],"class_list":["post-518161","post","type-post","status-publish","format-standard","hentry","category-copertina","category-altre","tag-caccia","tag-petizione","post_cat_citta-finale-ligure","post_cat_citta-noli"],"amp_validity":null,"amp_enabled":true,"_links":{"self":[{"href":"https:\/\/staging.ivg.it\/ediapi\/wp\/v2\/posts\/518161","targetHints":{"allow":["GET"]}}],"collection":[{"href":"https:\/\/staging.ivg.it\/ediapi\/wp\/v2\/posts"}],"about":[{"href":"https:\/\/staging.ivg.it\/ediapi\/wp\/v2\/types\/post"}],"author":[{"embeddable":true,"href":"https:\/\/staging.ivg.it\/ediapi\/wp\/v2\/users\/17962"}],"replies":[{"embeddable":true,"href":"https:\/\/staging.ivg.it\/ediapi\/wp\/v2\/comments?post=518161"}],"version-history":[{"count":0,"href":"https:\/\/staging.ivg.it\/ediapi\/wp\/v2\/posts\/518161\/revisions"}],"wp:attachment":[{"href":"https:\/\/staging.ivg.it\/ediapi\/wp\/v2\/media?parent=518161"}],"wp:term":[{"taxonomy":"category","embeddable":true,"href":"https:\/\/staging.ivg.it\/ediapi\/wp\/v2\/categories?post=518161"},{"taxonomy":"post_tag","embeddable":true,"href":"https:\/\/staging.ivg.it\/ediapi\/wp\/v2\/tags?post=518161"}],"curies":[{"name":"wp","href":"https:\/\/api.w.org\/{rel}","templated":true}]}}