{"id":517554,"date":"2021-02-01T10:30:30","date_gmt":"2021-02-01T09:30:30","guid":{"rendered":"http:\/\/www.ivg.it\/?p=517554"},"modified":"2021-02-01T10:32:36","modified_gmt":"2021-02-01T09:32:36","slug":"renzo-porotto-il-ricordo-di-fulvio-berruti-mai-banale-di-grande-statura-morale","status":"publish","type":"post","link":"https:\/\/staging.ivg.it\/2021\/02\/renzo-porotto-il-ricordo-di-fulvio-berruti-mai-banale-di-grande-statura-morale\/","title":{"rendered":"Renzo Porotto, il ricordo di Fulvio Berruti: &#8220;Mai banale, di grande statura morale&#8221;"},"content":{"rendered":"<p><strong>Vado Ligure.<\/strong> Tutti ricordano <strong>Lorenzo Porotto<\/strong>, mancato ieri, per la sua attivit\u00e0 presso la <strong>societ\u00e0 calcistica del Vado<\/strong>. Una passione sconfinata per questi colori per oltre quarant&#8217;anni.<\/p>\n<p>&#8220;Io<strong> voglio ricordarlo come compagno di lavoro alle Funivie<\/strong> &#8211; \u00e8 il messaggio di<strong> Fulvio Berruti,<\/strong> da lungo tempo nel mondo del calcio ed ora dirigente responsabile della Cairese Juniores -. <strong>Renzo ha militato con me, anzi io con lui, nel consiglio di fabbrica delle Funivie stesse.<\/strong> Io, giovane delegato di fabbrica, da Renzo e da altri delegati di quel periodo, ho imparato molto. <strong>Una autentica palestra, utile ed indispensabile, per quanto riguarda la mia prossima esperienza nel sindacato<\/strong>&#8220;.<\/p>\n<p>&#8220;Ricordo interminabili discussioni su questioni che riguardavano il lavoro e le condizioni del lavoratori. <strong>Renzo era un uomo semplice, disponibile e competente. Mai banale. Di grande statura morale. A noi pi\u00f9 giovani ha trasmesso valori assoluti, come l&#8217;onesta, la dignit\u00e0 e la convinzione di essere dalla parte giusta<\/strong>&#8221; conclude Berruti.<\/p>\n<p>Tornando all&#8217;ambito sportivo, messaggio di cordoglio da parte dell&#8217;<strong>Asd Santa Cecilia<\/strong>, presieduta da Pasquale Libertone: &#8220;Il Presidente, il Consiglio Direttivo e i tesserati addolorati per la scomparsa del sig. Lorenzo &#8216;Renzo&#8217; Porotto, indimenticabile dirigente e factotum della Societ\u00e0 Vado F.C. 1913, esprimono ai familiari ed alla Societ\u00e0 le pi\u00f9 sincere condoglianze per questo profondo momento di lutto&#8221;.<\/p>\n","protected":false},"excerpt":{"rendered":"<p>Messaggio di cordoglio da parte dell&#8217;Asd Santa Cecilia<\/p>\n","protected":false},"author":18,"featured_media":0,"comment_status":"open","ping_status":"closed","sticky":false,"template":"","format":"standard","meta":{"footnotes":""},"categories":[56,182,32],"tags":[85989,1220],"class_list":["post-517554","post","type-post","status-publish","format-standard","hentry","category-altre","category-calcio","category-sport","tag-calcio","tag-lutto","post_cat_citta-albissola-marina","post_cat_citta-cairo-montenotte","post_cat_citta-vado-ligure","post_tag_personaggi-lorenzo-porotto"],"amp_validity":null,"amp_enabled":true,"_links":{"self":[{"href":"https:\/\/staging.ivg.it\/ediapi\/wp\/v2\/posts\/517554","targetHints":{"allow":["GET"]}}],"collection":[{"href":"https:\/\/staging.ivg.it\/ediapi\/wp\/v2\/posts"}],"about":[{"href":"https:\/\/staging.ivg.it\/ediapi\/wp\/v2\/types\/post"}],"author":[{"embeddable":true,"href":"https:\/\/staging.ivg.it\/ediapi\/wp\/v2\/users\/18"}],"replies":[{"embeddable":true,"href":"https:\/\/staging.ivg.it\/ediapi\/wp\/v2\/comments?post=517554"}],"version-history":[{"count":0,"href":"https:\/\/staging.ivg.it\/ediapi\/wp\/v2\/posts\/517554\/revisions"}],"wp:attachment":[{"href":"https:\/\/staging.ivg.it\/ediapi\/wp\/v2\/media?parent=517554"}],"wp:term":[{"taxonomy":"category","embeddable":true,"href":"https:\/\/staging.ivg.it\/ediapi\/wp\/v2\/categories?post=517554"},{"taxonomy":"post_tag","embeddable":true,"href":"https:\/\/staging.ivg.it\/ediapi\/wp\/v2\/tags?post=517554"}],"curies":[{"name":"wp","href":"https:\/\/api.w.org\/{rel}","templated":true}]}}