{"id":517545,"date":"2021-02-01T08:40:31","date_gmt":"2021-02-01T07:40:31","guid":{"rendered":"http:\/\/www.ivg.it\/?p=517545"},"modified":"2021-02-01T08:40:31","modified_gmt":"2021-02-01T07:40:31","slug":"covid-toti-giusto-riaprire-scuole-ma-non-e-vero-che-non-incidono-sui-contagi-aumentati-cluster-familiari","status":"publish","type":"post","link":"https:\/\/staging.ivg.it\/2021\/02\/covid-toti-giusto-riaprire-scuole-ma-non-e-vero-che-non-incidono-sui-contagi-aumentati-cluster-familiari\/","title":{"rendered":"Covid, Toti: &#8220;Giusto riaprire scuole, ma non \u00e8 vero che non incidono sui contagi: aumentati cluster familiari&#8221;"},"content":{"rendered":"<p><strong>Liguria<\/strong>. &#8220;L&#8217;incidenza dei positivi al Covid \u00e8 un pochino cresciuta in alcune province, soprattutto ad Imperia, a causa di alcuni cluster. Bisogna dire che \u00e8 stato giusto riaprire le scuole, ma chiaramente tutto questo incide, sono infatti aumentati i cluster familiari, dovuti agli studenti; ed \u00e8 la ragione per cui stanno crescendo i positivi e anche gli isolati a domicilio. Chi dice che la scuola non incide sui contagi dice delle\u00a0<strong>balle politicamente orientate<\/strong>&#8220;.\u00a0Cos\u00ec il presidente\u00a0<strong>Giovanni<\/strong>\u00a0<strong>Toti<\/strong>\u00a0nel corso della diretta serale sulla propria pagina Facebook.<\/p>\n<p>&#8220;Sono 677 i ricoverati tra media intensit\u00e0 e terapie intensive, crescono di 27 gli ospedalizzati &#8211; \u00a0ha proseguito &#8211; Di questo ho gi\u00e0 parlato con i direttori generali perch\u00e9 si tratta di un fenomeno dovuto alle mancate dimissioni la domenica. E ho chiesto apertamente di provvedere, perch\u00e9 non si pu\u00f2 dimettere la domenica la met\u00e0 dei pazienti che dimettiamo gli altri giorni. Bisogna che i letti dei nostri ospedali scendano anche per poterli dedicare ad altre specialit\u00e0 mediche&#8221;.<\/p>\n<p>E adesso, entrando in zona gialla,\u00a0<strong>&#8220;ci vuole pi\u00f9 prudenza di quando eravamo chiusi.\u00a0<\/strong>Ripartono 12.0000 attivit\u00e0 commerciali, oltre ai musei e alle mostre &#8211; ha aggiunto &#8211; ritorna un pezzetto della nostra vita, almeno fino alle 18, quando richiude tutto. Serve comunque continuare ad avere prudenza, buon senso e grande attenzione, per non ritrovarsi tra due settimane di nuovo in fascia arancione&#8221;.\u00a0In tutta Italia \u00e8 gi\u00e0 polemica per gli assembramenti nel weekend, ed\u00a0<a href=\"http:\/\/www.genova24.it\/2021\/01\/segnalati-assembramenti-in-corso-italia-boccadasse-e-nervi-interviene-la-polizia-locale-250024\/\">episodi di affollamento si sono verificati anche a Genova con intervento della polizia locale<\/a>. &#8220;<strong>Non faccio la ramanzina<\/strong>\u00a0&#8211; chiarisce Toti &#8211; Mi sembra normale che, se si apre un po&#8217;, la gente vada a fare una passeggiata o shopping, dico solo: facciamolo con grande attenzione e prudenza&#8221;.<\/p>\n<p>Per quanto riguarda la\u00a0<strong>campagna<\/strong>\u00a0<strong>vaccinale<\/strong>, Toti ha annunciato che &#8220;sono 77.540 i vaccini consegnati da Pfeizer, a cui si aggiungono alcune dosi di Moderna che per la maggior parte arriveranno a fine febbraio. Sul totale dei consegnati il 75% sono stati somministrati per garantirci delle scorte in grado di far fronte a ogni evenienza. Noi possiamo fare ogni giorno circa 3.000 vaccini, ma ce li devono dare. Saremo al lavoro sulla logistica degli ultra 80enni sul territorio e quando il commissario Arcuri ci dar\u00e0 tempi certi per AstraZeneca partiranno anche le prenotazioni per i pi\u00f9 giovani&#8221;.<\/p>\n<p>&#8220;Ho ho sentito un po&#8217; di inesattezze in merito alla campagna vaccinale &#8211; ha aggiunto &#8211; come quella che staremo aspettando le cosiddette &#8216;primule&#8217; del commissario Arcuri, strutture dentro cui si dovrebbe vaccinare. Ma si tratta di una stravaganza, come regioni non stiamo aspettando nessuna primula, semmai aspettiamo i vaccini e come ho gi\u00e0 detto, dal 15 febbraio inizieremo a vaccinare gli ultra 80enni sul territorio. In Liguria abbiamo gi\u00e0 individuato i luoghi pi\u00f9 adatti dove vaccinare: a Genova saranno cinque, tra cui la Fiera del mare ad esempio e poi le palestre, alcune strutture comunali, certamente non aspettiamo che arrivino da Roma le tensostrutture per iniziare&#8221;.<\/p>\n<p>In programma anche riunioni tra Regione, Alisa e Liguria Digitale &#8220;per mettere a punto il sistema di prenotazione, ed evitare quanto accaduto durante la pandemia, i cosiddetti click day, che hanno mandato fuori uso il sistema informatico nazionale. A questo proposito stiamo organizzando il Centro Unico di Prenotazione, insieme alle farmacie e ai medici di medicina generale per poter consentire le prenotazioni. E questo avverr\u00e0 a partire dal 15 febbraio e comunque tutto sar\u00e0 condizionato dalla consegna dei vaccini stessi, visto che, come si \u00e8 sentito, Pfeizer ha i suoi problemi, Moderna ne ha consegnati meno e AstraZeneca potr\u00e0 somministrare il suo vaccino solo ai cittadini che hanno meno di 55 anni&#8221;.<\/p>\n<p>Il presidente ha ricordato che &#8220;Regione Liguria sta portando avanti due percorsi: un percorso definito per i pi\u00f9 anziani che hanno diritto al vaccino di Pfeizer e di Moderna e un altro percorso per chi \u00e8 sotto i 55 anni destinatario del vaccino AstraZeneca. Ci auguriamo che entro le prossime settimane i vaccini arrivino dalle aziende e le forniture si possano allineare. Sicuramente non poter utilizzare l&#8217;AstraZeneca per gli 80enni \u00e8 un danno e va a incidere sull&#8217;elenco dei decessi che continua a essere alto&#8221;. &#8220;Visto il momento \u2013 ha sottolineato Toti \u2013 sarebbe bene non fare assurde polemiche ed evitare ancora pi\u00f9 assurde classifiche&#8221;.<\/p>\n","protected":false},"excerpt":{"rendered":"<p>Il governatore: &#8220;La ragione per cui stanno crescendo i positivi e anche gli isolati a domicilio&#8221;<\/p>\n","protected":false},"author":10593,"featured_media":0,"comment_status":"open","ping_status":"closed","sticky":false,"template":"","format":"standard","meta":{"footnotes":""},"categories":[45296,34,31],"tags":[112570,116179],"class_list":["post-517545","post","type-post","status-publish","format-standard","hentry","category-copertina","category-cronaca","category-politica","tag-covid-19","tag-vaccino-covid","post_tag_personaggi-giovanni-toti"],"amp_validity":null,"amp_enabled":true,"_links":{"self":[{"href":"https:\/\/staging.ivg.it\/ediapi\/wp\/v2\/posts\/517545","targetHints":{"allow":["GET"]}}],"collection":[{"href":"https:\/\/staging.ivg.it\/ediapi\/wp\/v2\/posts"}],"about":[{"href":"https:\/\/staging.ivg.it\/ediapi\/wp\/v2\/types\/post"}],"author":[{"embeddable":true,"href":"https:\/\/staging.ivg.it\/ediapi\/wp\/v2\/users\/10593"}],"replies":[{"embeddable":true,"href":"https:\/\/staging.ivg.it\/ediapi\/wp\/v2\/comments?post=517545"}],"version-history":[{"count":0,"href":"https:\/\/staging.ivg.it\/ediapi\/wp\/v2\/posts\/517545\/revisions"}],"wp:attachment":[{"href":"https:\/\/staging.ivg.it\/ediapi\/wp\/v2\/media?parent=517545"}],"wp:term":[{"taxonomy":"category","embeddable":true,"href":"https:\/\/staging.ivg.it\/ediapi\/wp\/v2\/categories?post=517545"},{"taxonomy":"post_tag","embeddable":true,"href":"https:\/\/staging.ivg.it\/ediapi\/wp\/v2\/tags?post=517545"}],"curies":[{"name":"wp","href":"https:\/\/api.w.org\/{rel}","templated":true}]}}