{"id":517531,"date":"2021-01-31T18:14:51","date_gmt":"2021-01-31T17:14:51","guid":{"rendered":"http:\/\/www.ivg.it\/?p=517531"},"modified":"2021-01-31T18:26:22","modified_gmt":"2021-01-31T17:26:22","slug":"saldi-con-il-freno-a-mano-tirato-nel-savonese-federmoda-per-i-negozi-perdite-oltre-il-50","status":"publish","type":"post","link":"https:\/\/staging.ivg.it\/2021\/01\/saldi-con-il-freno-a-mano-tirato-nel-savonese-federmoda-per-i-negozi-perdite-oltre-il-50\/","title":{"rendered":"Saldi con il freno a mano tirato nel savonese, Federmoda: &#8220;Per i negozi perdite oltre il 50%&#8221;"},"content":{"rendered":"<p><strong>Savona.<\/strong> \u201cI saldi sono partiti con il freno tirato per le forti apprensioni degli operatori che hanno a che fare con i continui Dpcm che regolano aperture e chiusure dei negozi\u201d. Lo afferma Donata Gavazza, presidente provinciale di Federmoda Savona-Confcommercio. <\/p>\n<p>\u201cE\u2019 impossibile fare un raffronto con le vendite dell&#8217;anno scorso, quando i primi 10 giorni di gennaio i negozi sono stati aperti tutti e 10 i giorni, mentre quest&#8217;anno sono stati aperti a singhiozzo e con l&#8217;assenza della maggior parte dei clienti non poteva spostarsi\u201d.<\/p>\n<p>\u201cL&#8217;anno \u00e8 partito dunque gi\u00e0 da un dato di perdita totale di entrate per i negozi del settore moda. E questo secondo noi sar\u00e0 il trend per i saldi&#8221;. <\/p>\n<p>Secondo Confcommercio sei italiani su dieci approfitteranno dei saldi per fare acquisti, ma la spesa destinata allo shopping scontato \u00e8 stimata in 254 euro contro i 324 euro dello scorso anno: 70 euro in meno. Federmoda ha condotto un&#8217;indagine sulle vendite nei primi dieci giorni dell&#8217;anno e il 91% delle imprese intervistate evidenzia un preoccupante decremento delle vendite, con sei imprese su dieci che dichiarano un calo tra il 50 % ed il 55%.<\/p>\n<p>Tra le altre variabili che hanno inciso &#8220;sulla forte crisi&#8221; che sta attraversando la categoria c&#8217;\u00e8 anche la minore disponibilit\u00e0 di reddito e il contesto di crisi generale provocato dalle conseguenze della pandemia. <\/p>\n<p>Poi c&#8217;\u00e8 anche il massiccio utilizzo dello smart working sia nel pubblico che nel privato: &#8220;I consumi di moda sono crollati da quando chi era abituato ad andare in ufficio lavora da casa &#8211; riflette Gavazza &#8211; non c&#8217;\u00e8 pi\u00f9 bisogno di abiti nuovi per eventi, pranzi e impegni di lavoro perch\u00e9 si resta a casa, in tuta e ciabatte. Inoltre, \u00e8 venuto a mancare lo shopping tourism, che portava 7,5 miliardi di euro, venuti meno completamente&#8221; aggiunge ancora la presidente Gavazza.<\/p>\n<p>\u201cInfine, sono scomparse tutte le occasioni di incontro, bloccate con i divieti di spostamento da un Comune all&#8217;altro. Il periodo dei saldi era anche un&#8217;occasione per spostarsi con la famiglia e passare una giornata fuori, specialmente nei giorni festivi: con l&#8217;inizio delle belle giornate le persone si riversavano in riviera ed univano l&#8217; utile al dilettevole con i bimbi a giocare sulla spiaggia, senza contare l\u2019assenza di grandi eventi come il Carnevale\u201d.<\/p>\n<p>A rincarare sul forte contesto di crisi e disagio: &#8220;La moda non \u00e8 come gli altri settori che possono comprare giorno per giorno o settimana per settimana. I prodotti che oggi esponiamo nelle nostre vetrine li abbiamo comprati a gennaio dell&#8217;anno scorso e se restano in magazzino come \u00e8 successo per la stagione primavera-estate, si svalutano completamente e noi non abbiamo la liquidit\u00e0 per fare gli ordini per l&#8217;anno successivo&#8221; conclude.<\/p>\n","protected":false},"excerpt":{"rendered":"<p>Donata Gavazza, presidente provinciale, afferma: &#8220;Molte imprese commerciali in grave difficolt\u00e0&#8221;<\/p>\n","protected":false},"author":4,"featured_media":0,"comment_status":"open","ping_status":"closed","sticky":false,"template":"","format":"standard","meta":{"footnotes":""},"categories":[45296,35],"tags":[51890,113281,3764],"class_list":["post-517531","post","type-post","status-publish","format-standard","hentry","category-copertina","category-economia","tag-confcommercio-savona","tag-federmoda-savona","tag-saldi-invernali","post_tag_personaggi-donata-gavazza"],"amp_validity":null,"amp_enabled":true,"_links":{"self":[{"href":"https:\/\/staging.ivg.it\/ediapi\/wp\/v2\/posts\/517531","targetHints":{"allow":["GET"]}}],"collection":[{"href":"https:\/\/staging.ivg.it\/ediapi\/wp\/v2\/posts"}],"about":[{"href":"https:\/\/staging.ivg.it\/ediapi\/wp\/v2\/types\/post"}],"author":[{"embeddable":true,"href":"https:\/\/staging.ivg.it\/ediapi\/wp\/v2\/users\/4"}],"replies":[{"embeddable":true,"href":"https:\/\/staging.ivg.it\/ediapi\/wp\/v2\/comments?post=517531"}],"version-history":[{"count":0,"href":"https:\/\/staging.ivg.it\/ediapi\/wp\/v2\/posts\/517531\/revisions"}],"wp:attachment":[{"href":"https:\/\/staging.ivg.it\/ediapi\/wp\/v2\/media?parent=517531"}],"wp:term":[{"taxonomy":"category","embeddable":true,"href":"https:\/\/staging.ivg.it\/ediapi\/wp\/v2\/categories?post=517531"},{"taxonomy":"post_tag","embeddable":true,"href":"https:\/\/staging.ivg.it\/ediapi\/wp\/v2\/tags?post=517531"}],"curies":[{"name":"wp","href":"https:\/\/api.w.org\/{rel}","templated":true}]}}