{"id":517496,"date":"2021-01-31T07:34:42","date_gmt":"2021-01-31T06:34:42","guid":{"rendered":"http:\/\/www.ivg.it\/?p=517496"},"modified":"2021-01-31T07:34:42","modified_gmt":"2021-01-31T06:34:42","slug":"via-libera-al-vaccino-di-astrazeneca-in-liguria-priorita-agli-over-80","status":"publish","type":"post","link":"https:\/\/staging.ivg.it\/2021\/01\/via-libera-al-vaccino-di-astrazeneca-in-liguria-priorita-agli-over-80\/","title":{"rendered":"Via libera al vaccino di Astrazeneca, in Liguria priorit\u00e0 agli over 80"},"content":{"rendered":"<p><strong>Liguria.<\/strong> Via libera dell&#8217;Agenzia nazionale del farmaco, l&#8217;<strong>Aifa<\/strong>, all&#8217;utilizzo del <strong>vaccino di AstraZeneca<\/strong>, approvato con l&#8217;indicazione per l&#8217;<strong>utilizzo preferenziale dai 18 ai 55 anni<\/strong>.<\/p>\n<p>&#8220;Con l&#8217;ok ad AstraZeneca entriamo in una fase espansiva della vaccinazione e serve tutto il personale che abbiamo selezionato&#8221;, aveva detto il ministro della Salute Roberto Speranza durante il suo intervento durante il vertice con i presidenti delle Regioni sul piano di adeguamento della campagna di vaccinazione, prima dell&#8217;ufficialit\u00e0 comunicata dall&#8217;Aifa nel pomeriggio.<\/p>\n<p>Durante la stessa riunione il ministro per gli Affari regionali Francesco Boccia \u00e8 tornato a fare il punto sulle dosi a disposizione, tra ritardi e rassicurazioni. <strong>&#8220;A febbraio arrivano ulteriori 4 milioni di vaccini che si sommano ai due gi\u00e0 arrivati<\/strong>. Devono essere garantiti e soprattutto noi dobbiamo somministrarli in tempi rapidissimi&#8221;. Il commissario per l&#8217;emergenza pandemica Domenico Arcuri ha invece ribadito che &#8220;<strong>la consegna dei vaccini Moderna alle Regioni arriver\u00e0 l&#8217;1 febbraio<\/strong>&#8220;. Era gi\u00e0 nota la riduzione del 20% delle dosi gi\u00e0 attese. &#8220;Ma si impegnano a recuperare nel mese di marzo&#8221;, ha detto Arcuri.<\/p>\n<p>Durante il vertice con il governo, <strong>le Regioni hanno dato pieno sostegno al piano vaccini<\/strong>, che sar\u00e0 comunque adeguato mese per mese in base alla distribuzione. Secondo quanto si apprende, i presidenti hanno chiesto ai ministri Boccia e Speranza e al commissario Domenico Arcuri di approfondire<strong> alcuni temi per i prossimi mesi, tra cui l&#8217;utilizzo degli specializzandi e l&#8217;intesa con i medici di medicina generale e le farmacie<\/strong> in vista delle prossime fasi del piano vaccinale. Tra i temi di cui i governatori hanno richiesto un approfondimento c&#8217;\u00e8 anche l&#8217;utilizzo dei monoclonali e la produzione dei vaccini in Italia.<\/p>\n<p>Il <strong>presidente della Regione Liguria Giovanni Toti<\/strong> \u00e8 tornato a chiedere che ci sia una revisione dei criteri di assegnazione delle dosi con l&#8217;obbiettivo di mettere in sicurezza, al pi\u00f9 presto, la popolazione pi\u00f9 anziana. &#8220;<strong>Il 60% delle persone decedute per la pandemia ha pi\u00f9 di 80 anni<\/strong>. Le dosi devono essere distribuite sulla base di questo criterio, approvato anche dal Parlamento. <strong>Dove vivono pi\u00f9 anziani devono arrivare pi\u00f9 vaccini<\/strong>. Questo consentir\u00e0 presto di ridurre di moltissimo i ricoveri e soprattutto il numero pi\u00f9 doloroso, quello dei morti&#8221;.<\/p>\n<p><strong>I numeri in Liguria<\/strong>. Intanto, tenendo conto che a febbraio &#8211; stando sui numeri attuali &#8211; la Liguria ricever\u00e0 meno vaccini di quanti ne abbia ricevuti a gennaio, ma che le scorte delle dosi gi\u00e0 consegnate sono ancora attorno al 35%, Alisa conferma di voler iniziare a vaccinare gli <strong>over 80<\/strong> il 12 febbraio. Sono circa <strong>170 mila i cittadini liguri <\/strong>che superano quella soglia anagrafica. A oggi le persone che hanno ricevuto l\u2019intero ciclo del vaccino (le due dosi Pfizer, unico prodotto a disposizione) sono circa 14.500.<\/p>\n","protected":false},"excerpt":{"rendered":"<p>Riunione tra Regioni e governo sul piano di vaccinazione, Toti: &#8220;Pi\u00f9 dosi dove vivono pi\u00f9 anziani&#8221;<\/p>\n","protected":false},"author":4,"featured_media":0,"comment_status":"open","ping_status":"closed","sticky":false,"template":"","format":"standard","meta":{"footnotes":""},"categories":[45296,34,31],"tags":[117581,117505,116179],"class_list":["post-517496","post","type-post","status-publish","format-standard","hentry","category-copertina","category-cronaca","category-politica","tag-vaccinazione-covid","tag-vaccini-covid","tag-vaccino-covid"],"amp_validity":null,"amp_enabled":true,"_links":{"self":[{"href":"https:\/\/staging.ivg.it\/ediapi\/wp\/v2\/posts\/517496","targetHints":{"allow":["GET"]}}],"collection":[{"href":"https:\/\/staging.ivg.it\/ediapi\/wp\/v2\/posts"}],"about":[{"href":"https:\/\/staging.ivg.it\/ediapi\/wp\/v2\/types\/post"}],"author":[{"embeddable":true,"href":"https:\/\/staging.ivg.it\/ediapi\/wp\/v2\/users\/4"}],"replies":[{"embeddable":true,"href":"https:\/\/staging.ivg.it\/ediapi\/wp\/v2\/comments?post=517496"}],"version-history":[{"count":0,"href":"https:\/\/staging.ivg.it\/ediapi\/wp\/v2\/posts\/517496\/revisions"}],"wp:attachment":[{"href":"https:\/\/staging.ivg.it\/ediapi\/wp\/v2\/media?parent=517496"}],"wp:term":[{"taxonomy":"category","embeddable":true,"href":"https:\/\/staging.ivg.it\/ediapi\/wp\/v2\/categories?post=517496"},{"taxonomy":"post_tag","embeddable":true,"href":"https:\/\/staging.ivg.it\/ediapi\/wp\/v2\/tags?post=517496"}],"curies":[{"name":"wp","href":"https:\/\/api.w.org\/{rel}","templated":true}]}}