{"id":517491,"date":"2021-01-30T18:29:38","date_gmt":"2021-01-30T17:29:38","guid":{"rendered":"http:\/\/www.ivg.it\/?p=517491"},"modified":"2021-01-30T18:29:38","modified_gmt":"2021-01-30T17:29:38","slug":"aiuto-alla-ristorazione-cavallo-fdi-abbiamo-avviato-sos-ristoratori","status":"publish","type":"post","link":"https:\/\/staging.ivg.it\/2021\/01\/aiuto-alla-ristorazione-cavallo-fdi-abbiamo-avviato-sos-ristoratori\/","title":{"rendered":"Aiuto alla ristorazione, Cavallo (FdI): &#8220;Abbiamo avviato Sos Ristoratori&#8221;"},"content":{"rendered":"<p><strong>Savona<\/strong>. Fratelli d&#8217;Italia per dare\u00a0il proprio supporto al mondo della ristorazione, dei bar e delle attivit\u00e0 di somministrazione al pubblico di alimenti e bevande, hanno avviato Sos Ristoranti.<\/p>\n<p>&#8220;I titolari delle attivit\u00e0 di ristorazione\u00a0potranno aderire gratuitamente ad un\u2019azione comune d\u2019indennizzo con la quale far valere in giudizio i propri interessi&#8221; afferma\u00a0Claudio Cavallo, portavoce provinciale del partito guidato da Giorgia Meloni.<\/p>\n<p>&#8220;Per essere\u00a0ricontattati per tutte le incombenze necessarie \u00e8 opportuno\u00a0scrivere alla mail sosristoranti@fratelli-italia.it &#8211; spiega Cavallo -. L\u2019adesione deve perfezionarsi, con consegna di tutti i documenti che verranno richiesti, tassativamente entro il 15 febbraio. Possono aderire i ristoratori e tutte le attivit\u00e0 di somministrazioni di cibi e bevande come pub, osterie, bar&#8221;.<\/p>\n<p>&#8220;In caso di accoglimento della domanda &#8211; specifica l&#8217;esponente di Fratelli d&#8217;Italia &#8211; verr\u00e0 corrisposta a titolo di indennizzo una somma come eventualmente disposto dal giudice&#8221;.<\/p>\n<p>&#8220;Tutte le categorie del commercio, le partite iva, i professionisti, gli operatori dello spettacolo e dell\u2019intrattenimento, i titolari di alberghi e palestre, e tutte le professionalit\u00e0 strettamente connesse a queste categorie, sono ancora in attesa non solo della &#8216;potenza di fuoco&#8217; citata dall&#8217;ex premier Conte nel mese di aprile, ma anche dei ristori per le chiusure disposte nella seconda ondata\u00a0 &#8211; conclude Claudio Cavallo -. Non \u00e8 pi\u00f9 tempo di tweet o post di Facebook da parte del governo; gli imprenditori, commercianti e le attivit\u00e0 commerciali esigono risposte concrete dal Governo&#8221;.<\/p>\n","protected":false},"excerpt":{"rendered":"<p>Ecco come inviare la propria richiesta<\/p>\n","protected":false},"author":18838,"featured_media":0,"comment_status":"open","ping_status":"closed","sticky":false,"template":"","format":"standard","meta":{"footnotes":""},"categories":[31],"tags":[43870],"class_list":["post-517491","post","type-post","status-publish","format-standard","hentry","category-politica","tag-fratelli-ditalia","post_cat_citta-provincia","post_tag_personaggi-claudio-cavallo"],"amp_validity":null,"amp_enabled":true,"_links":{"self":[{"href":"https:\/\/staging.ivg.it\/ediapi\/wp\/v2\/posts\/517491","targetHints":{"allow":["GET"]}}],"collection":[{"href":"https:\/\/staging.ivg.it\/ediapi\/wp\/v2\/posts"}],"about":[{"href":"https:\/\/staging.ivg.it\/ediapi\/wp\/v2\/types\/post"}],"author":[{"embeddable":true,"href":"https:\/\/staging.ivg.it\/ediapi\/wp\/v2\/users\/18838"}],"replies":[{"embeddable":true,"href":"https:\/\/staging.ivg.it\/ediapi\/wp\/v2\/comments?post=517491"}],"version-history":[{"count":0,"href":"https:\/\/staging.ivg.it\/ediapi\/wp\/v2\/posts\/517491\/revisions"}],"wp:attachment":[{"href":"https:\/\/staging.ivg.it\/ediapi\/wp\/v2\/media?parent=517491"}],"wp:term":[{"taxonomy":"category","embeddable":true,"href":"https:\/\/staging.ivg.it\/ediapi\/wp\/v2\/categories?post=517491"},{"taxonomy":"post_tag","embeddable":true,"href":"https:\/\/staging.ivg.it\/ediapi\/wp\/v2\/tags?post=517491"}],"curies":[{"name":"wp","href":"https:\/\/api.w.org\/{rel}","templated":true}]}}