{"id":517471,"date":"2021-01-30T12:52:20","date_gmt":"2021-01-30T11:52:20","guid":{"rendered":"http:\/\/www.ivg.it\/?p=517471"},"modified":"2021-01-30T12:52:20","modified_gmt":"2021-01-30T11:52:20","slug":"campo-nomadi-fontanassa-rifondazione-comunista-stop-alla-demolizione-finche-non-sara-trovata-unalternativa","status":"publish","type":"post","link":"https:\/\/staging.ivg.it\/2021\/01\/campo-nomadi-fontanassa-rifondazione-comunista-stop-alla-demolizione-finche-non-sara-trovata-unalternativa\/","title":{"rendered":"Campo nomadi Fontanassa, Rifondazione Comunista: &#8220;Stop alla demolizione finch\u00e9 non sar\u00e0 trovata un&#8217;alternativa&#8221;"},"content":{"rendered":"<p><strong>Savona<\/strong>. &#8220;Facciamo appello a tutte le forze democratiche, affinch\u00e9 protestino con l&#8217;amministrazione comunale, per sospendere qualsiasi proposito di demolizione nel campo della Fontanassa, fino a che non venga raggiunta una condivisa e soddisfacente soluzione alternativa per le famiglie direttamente interessate&#8221;. E&#8217; questo l&#8217;invito che giunge dalla federazione provinciale di Savona di Rifondazione Comunista.<\/p>\n<p>&#8220;La vicenda del campo nomadi della Fontanassa si trascina ormai da moltissimo tempo, senza che finora si sia riusciti a trovare una soluzione che sia capace di salvaguardare in primo luogo i diritti ad una vita dignitosa delle persone che vivono in quel campo, nonch\u00e9 il diritto a scelte di vita libere e non convenzionali, nel rispetto naturalmente della comunit\u00e0 pi\u00f9 complessiva. La decisione di spostare in quel sito i sinti (che un tempo si trovavano sotto la fortezza del Priamar, decisione probabilmente opportuna) quasi tutti di nazionalit\u00e0 italiana e residenti a Savona da molti decenni, non ha dato seguito per\u00f2 alla realizzazione di un&#8217;area attrezzata, adatta ad ospitare una comunit\u00e0 variegata, fatta di donne, anziani e bambini. Quello della Fontanassa \u00e8 un sito peraltro molto decentrato, che non poteva di certo creare problematiche, cos\u00ec come \u00e8 avvenuto in tutti questi anni, al resto della comunit\u00e0 savonese&#8221;.<\/p>\n<p>&#8220;Probabilmente, proprio questa scelta di voler togliere il problema di cittadini italiani spregiativamente definiti &#8216;zingari&#8217;, dalla vista dei nostri occhi, ossia dal centro cittadino, ci ha fatto dimenticare la necessit\u00e0 di trovare una soluzione civile, democratica e quindi concordata con la comunit\u00e0 nomade. Con l&#8217;avvicinarsi della campagna elettorale per le prossime elezioni comunali, le tensioni si sono acuite, facendo del campo nomadi un vero e proprio &#8216;campo di battaglia&#8217; per qualche pugno di voti in pi\u00f9. D&#8217;altronde conosciamo molto bene il populismo, che si nutre di pregiudizi ed alimenta mitologiche fobie antisociali (quante storie abbiamo sentito sugli zingari, tutti ladri, che ci rubano i bambini e cos\u00ec via&#8230;) e fa delle differenze elementi negativi, da osservare con circospezione, differenziando i diritti sulla base della cosiddetta &#8216;etnia&#8217;. Si afferma che occorre rispettare le norme edilizie (ed \u00e8 giusto che sia cos\u00ec) e che le costruzioni abusive devono essere abbattute: un principio di legalit\u00e0 giusto e sacrosanto. Se non fosse che chi pu\u00f2 permettersi di pagare profumatamente un buon avvocato, sovente aggira le norme anti-abusivismo, mentre i poveri devono sottostare al rigore della legge&#8221;.<\/p>\n<p>&#8220;Legge che, peraltro, deve sempre rifarsi ai fondamenti della Costituzione della Repubblica. Non si pu\u00f2 pensare, se si vogliono rispettare i principi fondamentali della Carta, di abbattere delle abitazioni, baracche o casette che siano, senza prima aver trovato delle soluzioni alternative e dignitose per le famiglie che le abitano. Proprio qualche giorno fa ricorreva la Giornata della Memoria, che ricorda in primo luogo i 6 milioni di ebrei assassinati dalla ferocia nazifascista. Dovrebbe essere noto che, in quel tremendo olocausto, persero tragicamente la vita nei lager del Terzo Reich decine di migliaia di sinti e rom.\u00a0L&#8217;Italia della Costituzione nasce dalla volont\u00e0 opposta, quella di costruire e conservare una societ\u00e0 in cui i diritti fondamentali di ogni cittadino, di ogni essere umano siano salvaguardati, prescindendo da qualsiasi pregiudiziale di superiorit\u00e0 di una comunit\u00e0 rispetto ad un&#8217;altra, di un popolo nei confronti di un altro popolo. E&#8217; per questo che, richiamandoci alle fondamenta antifasciste e antirazziste della Repubblica italiana, facciamo appello a tutte le forze democratiche, affinch\u00e9 protestino con l&#8217;amministrazione comunale, per sospendere qualsiasi proposito di demolizione nel campo della Fontanassa, fino a che non venga raggiunta una condivisa e soddisfacente soluzione alternativa per le famiglie direttamente interessate&#8221;.<\/p>\n","protected":false},"excerpt":{"rendered":"<p>&#8220;Facciamo appello a tutte le forze democratiche, affinch\u00e9 protestino con l&#8217;amministrazione comunale&#8221;<\/p>\n","protected":false},"author":12120,"featured_media":0,"comment_status":"open","ping_status":"closed","sticky":false,"template":"","format":"standard","meta":{"footnotes":""},"categories":[45296,31],"tags":[64903,94578],"class_list":["post-517471","post","type-post","status-publish","format-standard","hentry","category-copertina","category-politica","tag-campo-nomadi-fontanassa","tag-rifondazione-comunista-savona","post_cat_citta-savona"],"amp_validity":null,"amp_enabled":true,"_links":{"self":[{"href":"https:\/\/staging.ivg.it\/ediapi\/wp\/v2\/posts\/517471","targetHints":{"allow":["GET"]}}],"collection":[{"href":"https:\/\/staging.ivg.it\/ediapi\/wp\/v2\/posts"}],"about":[{"href":"https:\/\/staging.ivg.it\/ediapi\/wp\/v2\/types\/post"}],"author":[{"embeddable":true,"href":"https:\/\/staging.ivg.it\/ediapi\/wp\/v2\/users\/12120"}],"replies":[{"embeddable":true,"href":"https:\/\/staging.ivg.it\/ediapi\/wp\/v2\/comments?post=517471"}],"version-history":[{"count":0,"href":"https:\/\/staging.ivg.it\/ediapi\/wp\/v2\/posts\/517471\/revisions"}],"wp:attachment":[{"href":"https:\/\/staging.ivg.it\/ediapi\/wp\/v2\/media?parent=517471"}],"wp:term":[{"taxonomy":"category","embeddable":true,"href":"https:\/\/staging.ivg.it\/ediapi\/wp\/v2\/categories?post=517471"},{"taxonomy":"post_tag","embeddable":true,"href":"https:\/\/staging.ivg.it\/ediapi\/wp\/v2\/tags?post=517471"}],"curies":[{"name":"wp","href":"https:\/\/api.w.org\/{rel}","templated":true}]}}