{"id":517028,"date":"2021-01-24T15:39:22","date_gmt":"2021-01-24T14:39:22","guid":{"rendered":"http:\/\/www.ivg.it\/?p=517028"},"modified":"2021-01-24T15:39:22","modified_gmt":"2021-01-24T14:39:22","slug":"tirreno-power-a-vivere-vado-inaccettabile-usare-falsita-per-propaganda-oltrepassata-ogni-regola-di-onesta","status":"publish","type":"post","link":"https:\/\/staging.ivg.it\/2021\/01\/tirreno-power-a-vivere-vado-inaccettabile-usare-falsita-per-propaganda-oltrepassata-ogni-regola-di-onesta\/","title":{"rendered":"Tirreno Power a Vivere Vado: &#8220;Inaccettabile usare falsit\u00e0 per propaganda, oltrepassata ogni regola di onest\u00e0&#8221;"},"content":{"rendered":"<p><strong>Vado Ligure.<\/strong> &#8220;E&#8217; inaccettabile che la propaganda politica utilizzi notizie false che fomentano la paura dei cittadini. Parlare di morti e di lapidi nonostante la completa archiviazione gi\u00e0 disposta nell&#8217;ottobre 2018 dalla magistratura savonese significa oltrepassare ogni regola della convivenza e dell&#8217;onest\u00e0. Cos\u00ec come strumentalizzare il sequestro, che \u00e8 cosa ben diversa dalla decisione di chiusura degli impianti a carbone che l&#8217;azienda ha fatto dopo attente e approfondite valutazioni con propria delibera nel giugno 2016, dando via alla reindustrializzazione del sito&#8221;. E&#8217; la replica di Tirreno Power a Vivere Vado, dopo il <a href=\"https:\/\/www.ivg.it\/2021\/01\/vivere-vado-contro-il-comune-storia-della-centrale-tirreno-power-scritta-nel-marmo-delle-lapidi\/\">duro attacco di ieri al Comune e all&#8217;azienda<\/a>.<\/p>\n<p>&#8220;A indicare la costruzione di nuovi e moderni impianti a gas come necessario sostegno per la crescita delle fonti rinnovabili non \u00e8 Tirreno Power ma il Piano nazionale per l&#8217;energia e il clima approvato dall&#8217;attuale Governo &#8211; fa notare l&#8217;azienda &#8211; In quel piano rientrano le proposte di Tirreno Power. Le nuove centrali a gas devono essere costruite, e alcune sono gi\u00e0 in costruzione, proprio per poter dare energia al sistema elettrico quando senza sole o vento le rinnovabili non possono produrre energia, e nel contempo chiudere gli impianti a carbone esistenti. Centrali con bassissime emissioni che funzionano quando le rinnovabili non sono sufficienti e che portano investimenti importanti sul territorio&#8221;.<\/p>\n<p>&#8220;Auspichiamo che il confronto si svolga sui fatti, in un costruttivo e onesto dialogo e non su affermazioni a effetto e notizie false che speriamo di non dover pi\u00f9 leggere, prima di tutto come cittadini del territorio&#8221; concludono.<\/p>\n","protected":false},"excerpt":{"rendered":"<p>&#8220;A indicare costruzione di impianti a gas come sostegno necessario non siamo noi, ma il Piano nazionale approvato dal Governo&#8221;<\/p>\n","protected":false},"author":10593,"featured_media":0,"comment_status":"open","ping_status":"closed","sticky":false,"template":"","format":"standard","meta":{"footnotes":""},"categories":[35,31],"tags":[3931,2057],"class_list":["post-517028","post","type-post","status-publish","format-standard","hentry","category-economia","category-politica","tag-tirreno-power","tag-vivere-vado","post_cat_citta-vado-ligure"],"amp_validity":null,"amp_enabled":true,"_links":{"self":[{"href":"https:\/\/staging.ivg.it\/ediapi\/wp\/v2\/posts\/517028","targetHints":{"allow":["GET"]}}],"collection":[{"href":"https:\/\/staging.ivg.it\/ediapi\/wp\/v2\/posts"}],"about":[{"href":"https:\/\/staging.ivg.it\/ediapi\/wp\/v2\/types\/post"}],"author":[{"embeddable":true,"href":"https:\/\/staging.ivg.it\/ediapi\/wp\/v2\/users\/10593"}],"replies":[{"embeddable":true,"href":"https:\/\/staging.ivg.it\/ediapi\/wp\/v2\/comments?post=517028"}],"version-history":[{"count":0,"href":"https:\/\/staging.ivg.it\/ediapi\/wp\/v2\/posts\/517028\/revisions"}],"wp:attachment":[{"href":"https:\/\/staging.ivg.it\/ediapi\/wp\/v2\/media?parent=517028"}],"wp:term":[{"taxonomy":"category","embeddable":true,"href":"https:\/\/staging.ivg.it\/ediapi\/wp\/v2\/categories?post=517028"},{"taxonomy":"post_tag","embeddable":true,"href":"https:\/\/staging.ivg.it\/ediapi\/wp\/v2\/tags?post=517028"}],"curies":[{"name":"wp","href":"https:\/\/api.w.org\/{rel}","templated":true}]}}