{"id":516979,"date":"2021-01-23T14:19:56","date_gmt":"2021-01-23T13:19:56","guid":{"rendered":"http:\/\/www.ivg.it\/?p=516979"},"modified":"2021-01-23T14:19:56","modified_gmt":"2021-01-23T13:19:56","slug":"tetto-da-rifare-nei-locali-parrocchiali-lappello-ciascuno-compri-una-tegola","status":"publish","type":"post","link":"https:\/\/staging.ivg.it\/2021\/01\/tetto-da-rifare-nei-locali-parrocchiali-lappello-ciascuno-compri-una-tegola\/","title":{"rendered":"Tetto da rifare nei locali parrocchiali, l&#8217;appello: &#8220;Ciascuno compri una tegola&#8221;"},"content":{"rendered":"<p><strong>Varazze.<\/strong> I ponteggi ci sono, ora bisogna intervenire per <strong>rifare il tetto dei locali parrocchiali<\/strong> di San Nazario e Celso. Ma ci vuole un esborso consistente per la sostituzione del manto di copertura delle strutture di servizio dell&#8217;edificio religioso, di probabile origine medievale, fondato dai monaci lirinesi come dipendenza del monastero di Sant&#8217;Eugenio dell&#8217;isola di Bergeggi.<\/p>\n<p>E cos\u00ec si chiede una mano ai parrocchiani: <strong>ciascuno potr\u00e0 partecipare all&#8217;iniziativa attraverso un piccolo contributo<\/strong> che potr\u00e0 essere versato attraverso la diretta donazione in chiesa o con un versamento sul conto corrente intestato alla &#8220;Parrocchia dei Santi Nazario e Celso&#8221;. Insomma, <strong>una tegola per ogni parrocchiano e una parte di tetto \u00e8 fatta.<\/strong><\/p>\n<p>La Chiesa oggi presenta una configurazione simile a quella originaria dove, racchiuso tra la nuova Canonica e la Canonica gi\u00e0 esistente, sul fianco destro della chiesa, c&#8217;\u00e8 il manufatto interessato dai lavori; quello utilizzato in parte come locali parrocchiali ed in parte come sede della Polisportiva San Nazario.<\/p>\n<p>La quasi totalit\u00e0 del tetto di questi fabbricati \u00e8 composta da lastre di amianto-cemento. Con questo intervento, che riguarda la gran parte delle strutture che contornano la chiesa, si eliminer\u00e0 il manto di eternit sostituendolo con materiale pi\u00f9 idoneo per un recupero che risulti armonioso con la copertura del &#8220;corpo chiesa&#8221; in modo tale da non compromettere la struttura portante in legno esistente con limitata capacit\u00e0 portante. Per questo si impiegher\u00e0 un materiale di &#8220;compromesso&#8221;, compatibile con la &#8220;matericit\u00e0&#8221; dell&#8217;ardesia e, contemporaneamente, sottile e leggero.<\/p>\n<p>Per questo motivo il lavoro, concordato con la Soprintendenza Regionale ai Monumenti permetter\u00e0 di evitare interventi strutturali &#8220;invasivi&#8221; usando un materiale simile all&#8217;ardesia naturale ma molto pi\u00f9 leggero.<\/p>\n","protected":false},"excerpt":{"rendered":"<p>Appello alla comunit\u00e0 varazzina per i locali di San Nazario e Celso<\/p>\n","protected":false},"author":10593,"featured_media":0,"comment_status":"open","ping_status":"closed","sticky":false,"template":"","format":"standard","meta":{"footnotes":""},"categories":[45296,56],"tags":[],"class_list":["post-516979","post","type-post","status-publish","format-standard","hentry","category-copertina","category-altre","post_cat_citta-varazze"],"amp_validity":null,"amp_enabled":true,"_links":{"self":[{"href":"https:\/\/staging.ivg.it\/ediapi\/wp\/v2\/posts\/516979","targetHints":{"allow":["GET"]}}],"collection":[{"href":"https:\/\/staging.ivg.it\/ediapi\/wp\/v2\/posts"}],"about":[{"href":"https:\/\/staging.ivg.it\/ediapi\/wp\/v2\/types\/post"}],"author":[{"embeddable":true,"href":"https:\/\/staging.ivg.it\/ediapi\/wp\/v2\/users\/10593"}],"replies":[{"embeddable":true,"href":"https:\/\/staging.ivg.it\/ediapi\/wp\/v2\/comments?post=516979"}],"version-history":[{"count":0,"href":"https:\/\/staging.ivg.it\/ediapi\/wp\/v2\/posts\/516979\/revisions"}],"wp:attachment":[{"href":"https:\/\/staging.ivg.it\/ediapi\/wp\/v2\/media?parent=516979"}],"wp:term":[{"taxonomy":"category","embeddable":true,"href":"https:\/\/staging.ivg.it\/ediapi\/wp\/v2\/categories?post=516979"},{"taxonomy":"post_tag","embeddable":true,"href":"https:\/\/staging.ivg.it\/ediapi\/wp\/v2\/tags?post=516979"}],"curies":[{"name":"wp","href":"https:\/\/api.w.org\/{rel}","templated":true}]}}