{"id":516955,"date":"2021-01-23T10:32:56","date_gmt":"2021-01-23T09:32:56","guid":{"rendered":"http:\/\/www.ivg.it\/?p=516955"},"modified":"2021-01-23T10:42:34","modified_gmt":"2021-01-23T09:42:34","slug":"tenta-di-dare-fuoco-alla-casa-della-ex-incastrato-dalla-videosorveglianza-ai-domiciliari","status":"publish","type":"post","link":"https:\/\/staging.ivg.it\/2021\/01\/tenta-di-dare-fuoco-alla-casa-della-ex-incastrato-dalla-videosorveglianza-ai-domiciliari\/","title":{"rendered":"Tenta di dare fuoco alla casa della ex, incastrato dalla videosorveglianza: ai domiciliari"},"content":{"rendered":"<p><strong>Alassio.<\/strong> Ha tentato di dare fuoco alla casa della ex compagna: forse un &#8220;semplice&#8221; gesto dimostrativo, forse un dispetto o una vendetta. Ma le telecamere di videosorveglianza hanno registrato tutto. E ora \u00e8 finito agli arresti domiciliari.<\/p>\n<p>Si tratta di un 53enne di Alassio, un oculista per il quale, ieri, \u00e8 scattata la misura cautelare emessa dal Gip della Procura di Savona. A chiederla \u00e8 stata la polizia di Stato del commissariato di Alassio, che si \u00e8 occupata delle indagini. A met\u00e0 gennaio la ex compagna aveva trovato il muro esterno della propria abitazione annerito dalle fiamme e un forte odore di benzina. Le immagini avevano chiarito tutto: era stato proprio il 53enne a tentare di appiccare il rogo.<\/p>\n<p>Quello dei giorni scorsi \u00e8 solamente l&#8217;ultimo episodio violento tra i due. L&#8217;uomo, infatti, <a href=\"https:\/\/www.ivg.it\/2020\/06\/alassio-perseguita-la-ex-convivente-arrestato-dalla-polizia\/\">era gi\u00e0 stato arrestato lo scorso anno<\/a> proprio a causa di atti persecutori contro la donna. Qualche mese dopo era stato scarcerato e <a href=\"https:\/\/www.ivg.it\/2020\/07\/accusato-di-perseguitare-la-ex-alessandro-quilici-dal-carcere-ai-domiciliari\/\">messo ai domiciliari a causa di alcuni problemi di salute<\/a>.<\/p>\n","protected":false},"excerpt":{"rendered":"<p>E&#8217; successo a met\u00e0 gennaio ad Alassio, ieri \u00e8 scattata la misura cautelare<\/p>\n","protected":false},"author":10593,"featured_media":0,"comment_status":"open","ping_status":"closed","sticky":false,"template":"","format":"standard","meta":{"footnotes":""},"categories":[45296,34],"tags":[],"class_list":["post-516955","post","type-post","status-publish","format-standard","hentry","category-copertina","category-cronaca","post_cat_citta-alassio"],"amp_validity":null,"amp_enabled":true,"_links":{"self":[{"href":"https:\/\/staging.ivg.it\/ediapi\/wp\/v2\/posts\/516955","targetHints":{"allow":["GET"]}}],"collection":[{"href":"https:\/\/staging.ivg.it\/ediapi\/wp\/v2\/posts"}],"about":[{"href":"https:\/\/staging.ivg.it\/ediapi\/wp\/v2\/types\/post"}],"author":[{"embeddable":true,"href":"https:\/\/staging.ivg.it\/ediapi\/wp\/v2\/users\/10593"}],"replies":[{"embeddable":true,"href":"https:\/\/staging.ivg.it\/ediapi\/wp\/v2\/comments?post=516955"}],"version-history":[{"count":0,"href":"https:\/\/staging.ivg.it\/ediapi\/wp\/v2\/posts\/516955\/revisions"}],"wp:attachment":[{"href":"https:\/\/staging.ivg.it\/ediapi\/wp\/v2\/media?parent=516955"}],"wp:term":[{"taxonomy":"category","embeddable":true,"href":"https:\/\/staging.ivg.it\/ediapi\/wp\/v2\/categories?post=516955"},{"taxonomy":"post_tag","embeddable":true,"href":"https:\/\/staging.ivg.it\/ediapi\/wp\/v2\/tags?post=516955"}],"curies":[{"name":"wp","href":"https:\/\/api.w.org\/{rel}","templated":true}]}}