{"id":516532,"date":"2021-01-17T12:33:19","date_gmt":"2021-01-17T11:33:19","guid":{"rendered":"http:\/\/www.ivg.it\/?p=516532"},"modified":"2021-01-17T15:34:24","modified_gmt":"2021-01-17T14:34:24","slug":"savona-bocciata-lidea-di-una-via-intitolata-a-marco-pantani-verra-affissa-una-targa","status":"publish","type":"post","link":"https:\/\/staging.ivg.it\/2021\/01\/savona-bocciata-lidea-di-una-via-intitolata-a-marco-pantani-verra-affissa-una-targa\/","title":{"rendered":"Savona: bocciata l&#8217;idea di una via intitolata a Marco Pantani, verr\u00e0 affissa una targa"},"content":{"rendered":"<p><strong>Savona.\u00a0<\/strong>Nel febbraio 2020 era pervenuta la proposta da Alessandro Delucis, consigliere comunule della lista civica della giunta.<\/p>\n<p>L&#8217;intenzione di Delucis era intitolare un luogo della citt\u00e0 al ciclista Marco Pantani. Una via, un giardino, una piazza, o la salita verso il santuario della Madonna del Monte.<\/p>\n<p>La Commissione toponomastica non ha tuttavia accolto la richiesta. Al &#8220;pirata&#8221; di Cesenatico, una lastra commemorativa sul muretto degli sportivi.<\/p>\n<p>Verranno anche poste due targhe alla memoria di Lelio Speranza, dirigente sportivo, figura savonese della Liberazione e decano presidente provinciale del Coni, scomparso nel 2017.<\/p>\n<p>Saranno messe all&#8217;esterno e all&#8217;interno del\u00a0 palazzetto dello sport gi\u00e0 ad egli dedicato, in via Trincee.<\/p>\n<p>E un&#8217;altra a Rinaldo Roggero,\u00a0 calciatore del Savona della prima met\u00e0 del Novecento e allenatore protagonista con gli striscioni\u00a0 biancobl\u00f9, fino al primo dopoguerra. Nel parcheggio antistante lo stadio &#8220;Valerio Bacigalupo&#8221;.<\/p>\n<p>Un pannello, infine, in ricordo dei bombardamenti e delle vittime del 30 ottobre 1943 nei giardini delle Confraternite, tra via Giuria e via dei Riario.<\/p>\n","protected":false},"excerpt":{"rendered":"<p>La proposta della giunta non \u00e8 stata approvata. Alla memoria dello scalatore romagnolo verr\u00e0 deposta una targa, cos\u00ec come a Lelio Speranza e a Rinaldo Roggero, &#8220;bandiera&#8221; del Savona calcio <\/p>\n","protected":false},"author":19459,"featured_media":0,"comment_status":"open","ping_status":"closed","sticky":false,"template":"","format":"standard","meta":{"footnotes":""},"categories":[45296,42377,32],"tags":[85834,4792],"class_list":["post-516532","post","type-post","status-publish","format-standard","hentry","category-copertina","category-altri-sport","category-sport","tag-sport","tag-targa","post_cat_citta-savona","post_tag_personaggi-lelio-speranza","post_tag_personaggi-marco-pantani","post_tag_personaggi-rinaldo-roggero"],"amp_validity":null,"amp_enabled":true,"_links":{"self":[{"href":"https:\/\/staging.ivg.it\/ediapi\/wp\/v2\/posts\/516532","targetHints":{"allow":["GET"]}}],"collection":[{"href":"https:\/\/staging.ivg.it\/ediapi\/wp\/v2\/posts"}],"about":[{"href":"https:\/\/staging.ivg.it\/ediapi\/wp\/v2\/types\/post"}],"author":[{"embeddable":true,"href":"https:\/\/staging.ivg.it\/ediapi\/wp\/v2\/users\/19459"}],"replies":[{"embeddable":true,"href":"https:\/\/staging.ivg.it\/ediapi\/wp\/v2\/comments?post=516532"}],"version-history":[{"count":0,"href":"https:\/\/staging.ivg.it\/ediapi\/wp\/v2\/posts\/516532\/revisions"}],"wp:attachment":[{"href":"https:\/\/staging.ivg.it\/ediapi\/wp\/v2\/media?parent=516532"}],"wp:term":[{"taxonomy":"category","embeddable":true,"href":"https:\/\/staging.ivg.it\/ediapi\/wp\/v2\/categories?post=516532"},{"taxonomy":"post_tag","embeddable":true,"href":"https:\/\/staging.ivg.it\/ediapi\/wp\/v2\/tags?post=516532"}],"curies":[{"name":"wp","href":"https:\/\/api.w.org\/{rel}","templated":true}]}}