{"id":516216,"date":"2021-01-12T19:15:25","date_gmt":"2021-01-12T18:15:25","guid":{"rendered":"http:\/\/www.ivg.it\/?p=516216"},"modified":"2021-01-12T22:19:37","modified_gmt":"2021-01-12T21:19:37","slug":"domani-incontro-anci-liguria-digitale-e-alisa-per-risolvere-il-problema-segnalazione-positivi-ai-sindaci","status":"publish","type":"post","link":"https:\/\/staging.ivg.it\/2021\/01\/domani-incontro-anci-liguria-digitale-e-alisa-per-risolvere-il-problema-segnalazione-positivi-ai-sindaci\/","title":{"rendered":"Domani incontro Anci, Liguria digitale e Alisa per risolvere il problema segnalazione positivi ai sindaci"},"content":{"rendered":"<p style=\"text-align: left;\"><strong>Provincia.<\/strong> Il sistema di segnalazione dei positivi non funziona e crea criticit\u00e0 rendendo complicato conoscere il conteggio totale e i sindaci di Savona,<strong> Ilaria Caprioglio<\/strong> e d&#8217;Albenga <strong>Riccardo Tomatis<\/strong> hanno sollevato il problema chiedendo una soluzione.<\/p>\n<p>C&#8217;\u00e8 confusione infatti, dopo l&#8217;introduzione del <strong>nuovo sistema di segnalazione delle Asl liguri che comunica ai sindaci solo il numero dei nuovi positivi giornalieri<\/strong>, per cui non \u00e8 pi\u00f9 possibile conoscere quanti siano realmente in totale i casi di ogni singolo comune.<\/p>\n<p>Dalla regione fanno sapere che, alla luce del fatto evidenziato dal sindaco di Savona e Albenga, che hanno sollevato questo problema, Anci, liguria digitale e Alisa hanno organizzato per <strong>domani una riunione operativa per risolvere il problema<\/strong>, e per trovare le possibili soluzioni.<\/p>\n<p>Se qualcosa non ha funzionato e c&#8217;\u00e8 da aggiustare il tiro si aggiusta \u2013 dicono \u2013 anche per vedere di ampliare la possibilit\u00e0 di avere altri dati\u00a0 pi\u00f9 leggibili e completi a tutti i sindaci liguri. Dalla regione in queste ore , dopo la segnalazione delle criticit\u00e0 riscontrate sono infatti gi\u00e0 in contatto con Asl e il problema \u00e8 gi\u00e0 stato fatto presente a Liguria digitale e ad Alisa.<\/p>\n<p>Il sistema di segnalazione dei positivi Covid , per\u00f2 \u2013 si precisa &#8211; era stato condiviso con Anci Liguria e riguarda tutti i sindaci e non solo il sindaco di Savona Caprioglio e di Albenga Tomatis, ma visto che ha creato le\u00a0 criticit\u00e0 evidenziate \u00e8 stata informata l&#8217;Asl,\u00a0 e il problema \u00e8 stato fatto presente a Liguria digitale e ad Alisa. Anche se al momento solo i due sindaci hanno sollevato questa problematica c&#8217;\u00e8 per\u00f2 la massima disponibilit\u00e0 ad affrontarlo e risolverlo non solo per loro, ma per tutti i sindaci liguri.<\/p>\n","protected":false},"excerpt":{"rendered":"<p>Le prime critiche al sistema sono arrivate dai sindaci di Savona e Albenga <\/p>\n","protected":false},"author":17962,"featured_media":0,"comment_status":"open","ping_status":"closed","sticky":false,"template":"","format":"standard","meta":{"footnotes":""},"categories":[45296,31],"tags":[111891],"class_list":["post-516216","post","type-post","status-publish","format-standard","hentry","category-copertina","category-politica","tag-coronavirus","post_cat_citta-albenga","post_cat_citta-savona","post_tag_personaggi-ilaria-caprioglio","post_tag_personaggi-riccardo-tomatis-2"],"amp_validity":null,"amp_enabled":true,"_links":{"self":[{"href":"https:\/\/staging.ivg.it\/ediapi\/wp\/v2\/posts\/516216","targetHints":{"allow":["GET"]}}],"collection":[{"href":"https:\/\/staging.ivg.it\/ediapi\/wp\/v2\/posts"}],"about":[{"href":"https:\/\/staging.ivg.it\/ediapi\/wp\/v2\/types\/post"}],"author":[{"embeddable":true,"href":"https:\/\/staging.ivg.it\/ediapi\/wp\/v2\/users\/17962"}],"replies":[{"embeddable":true,"href":"https:\/\/staging.ivg.it\/ediapi\/wp\/v2\/comments?post=516216"}],"version-history":[{"count":0,"href":"https:\/\/staging.ivg.it\/ediapi\/wp\/v2\/posts\/516216\/revisions"}],"wp:attachment":[{"href":"https:\/\/staging.ivg.it\/ediapi\/wp\/v2\/media?parent=516216"}],"wp:term":[{"taxonomy":"category","embeddable":true,"href":"https:\/\/staging.ivg.it\/ediapi\/wp\/v2\/categories?post=516216"},{"taxonomy":"post_tag","embeddable":true,"href":"https:\/\/staging.ivg.it\/ediapi\/wp\/v2\/tags?post=516216"}],"curies":[{"name":"wp","href":"https:\/\/api.w.org\/{rel}","templated":true}]}}