{"id":515988,"date":"2021-01-09T08:47:20","date_gmt":"2021-01-09T07:47:20","guid":{"rendered":"http:\/\/www.ivg.it\/?p=515988"},"modified":"2021-01-09T08:49:53","modified_gmt":"2021-01-09T07:49:53","slug":"dentisti-esclusi-dalla-vaccinazione-accolta-la-richiesta-di-ciangherotti-fi-saranno-vaccinati","status":"publish","type":"post","link":"https:\/\/staging.ivg.it\/2021\/01\/dentisti-esclusi-dalla-vaccinazione-accolta-la-richiesta-di-ciangherotti-fi-saranno-vaccinati\/","title":{"rendered":"Dentisti esclusi dalla vaccinazione, accolta la richiesta di Ciangherotti (FI): &#8220;Saranno vaccinati&#8221;"},"content":{"rendered":"<p><strong>Albenga.<\/strong> La notizia era nell&#8217;aria, ma solo in tarda serata di ieri, venerd\u00ec 8 gennaio, \u00e8 arrivata la conferma: a<strong>nche per gli odontoiatri, il personale di studio dentistico e gli igienisti \u00e8 prevista la vaccinazione prioritaria contro il Covid 19<\/strong>.<\/p>\n<p>&#8220;E&#8217; per me motivo di orgoglio che la Regione Liguria abbia accolto le mie istanze, avevo scritto personalmente a <strong>Giovanni Toti<\/strong> &#8211; afferma Eraldo Ciangherotti, consigliere provinciale e comunale di Forza Italia &#8211; sottolineando che la\u00a0professione odontoiatrica \u00e8 tra quelle pi\u00f9 a rischio contagio per la natura stessa dell&#8217;attivit\u00e0. Pur adottando ogni cautela e protezione \u00e8 difficile eliminare del tutto il pericolo di infezione. La Regione ha compreso tale rischio e finalmente accolto le richieste degli odontoiatri con la firma di un protocollo che accogliamo con grande soddisfazion&#8221;.<\/p>\n<p>Per far comprendere meglio &#8220;i rischi del mestiere&#8221; anche all&#8217;opinione pubblica, <a href=\"https:\/\/www.ivg.it\/2021\/01\/dentisti-esclusi-dalla-vaccinazione-ciangherotti-fi-manda-un-video-messaggio-a-speranza-e-toti\/\">Ciangherotti aveva diffuso un video<\/a>, dal suo studio dentistico di viale Pontelungo, 50, ad Albenga, rivolto al ministro della salute Roberto Speranza e al governatore della Liguria Giovanni Toti. Il filmato riprendeva il paziente seduto sulla poltrona con la mascherina calata sotto il mento e a bocca aperta per farsi curare i denti con il consigliere-dentista che si avvicinava a meno di trenta centimetri per iniziare l&#8217;intervento. &#8220;Con alcuni strumenti \u00e8 inevitabile che un odontoiatra, usandoli quasi sempre ad ogni seduta, venga a contatto con\u00a0gli spray, gli spruzzi e gli aerosol odontoiatrici\u00a0potenzialmente contaminati, nel caso attuale dell&#8217;infezione Covid-19, dai droplets contenenti particelle virali del paziente magari infetto asintomatico&#8221;, aveva detto Ciangherotti.<\/p>\n<p>Ieri sera, finalmente, \u00e8 arrivata<strong> la svolta per i\u00a0324 gli odontoiatri attivi in provincia di Savona<\/strong>: &#8220;Tutti attendevano il via libera che finalmente \u00e8 arrivato. Sarebbe stato paradossale escludere i dentisti dal piano strategico &#8216;vaccinazione anti-SARS-CoV-2\/COVID-19&#8242;, elaborato da Ministero della Salute. Come noto\u00a0 &#8211; prosegue Ciangherotti &#8211;\u00a0 sapevamo che la fase iniziale della campagna vaccinale includesse prioritariamente operatori sanitari e sociosanitari del Sistema Sanitario Regionale. Ma c&#8217;era un esercito di sanitari che svolge l&#8217; attivit\u00e0 in studi professionali in tutta la regione che era escluso dal programma di immunizzazione. Grazie alle mie istanze anche i liberi professionisti, finalmente, saranno chiamati su base volontaria per la somministrazione del vaccino anti Covid. L&#8217;intesa stabilisce le modalit\u00e0 di vaccinazione e di reclutamento dei professionisti vaccinatori&#8221;.<\/p>\n<p>&#8220;Sicuramente &#8211; conclude Ciangherotti &#8211;\u00a0era necessario un riscontro ufficiale che includesse tutti i medici iscritti e gli odontoiatri. Grazie al lavoro sinergico con gli altri Ordini della Liguria le dosi vaccinali disponibili saranno distribuite in tutta la regione e soprattutto senza disparit\u00e0 e con le modalit\u00e0 commisurate al rischio concreto di esposizione al contagio per dentisti e altri colleghi come oculisti, cardiologi e dermatologi&#8221;.<\/p>\n","protected":false},"excerpt":{"rendered":"<p>Il consigliere albenganese: &#8220;E&#8217; per me motivo di orgoglio che la Regione Liguria abbia accolto le mie istanze&#8221;<\/p>\n","protected":false},"author":17962,"featured_media":0,"comment_status":"open","ping_status":"closed","sticky":false,"template":"","format":"standard","meta":{"footnotes":""},"categories":[45296,56,31],"tags":[111891,66162,117385,6212],"class_list":["post-515988","post","type-post","status-publish","format-standard","hentry","category-copertina","category-altre","category-politica","tag-coronavirus","tag-dentisti","tag-odontoiatri","tag-vaccino","post_cat_citta-albenga","post_tag_personaggi-eraldo-ciangherotti-2","post_tag_personaggi-giovanni-toti"],"amp_validity":null,"amp_enabled":true,"_links":{"self":[{"href":"https:\/\/staging.ivg.it\/ediapi\/wp\/v2\/posts\/515988","targetHints":{"allow":["GET"]}}],"collection":[{"href":"https:\/\/staging.ivg.it\/ediapi\/wp\/v2\/posts"}],"about":[{"href":"https:\/\/staging.ivg.it\/ediapi\/wp\/v2\/types\/post"}],"author":[{"embeddable":true,"href":"https:\/\/staging.ivg.it\/ediapi\/wp\/v2\/users\/17962"}],"replies":[{"embeddable":true,"href":"https:\/\/staging.ivg.it\/ediapi\/wp\/v2\/comments?post=515988"}],"version-history":[{"count":0,"href":"https:\/\/staging.ivg.it\/ediapi\/wp\/v2\/posts\/515988\/revisions"}],"wp:attachment":[{"href":"https:\/\/staging.ivg.it\/ediapi\/wp\/v2\/media?parent=515988"}],"wp:term":[{"taxonomy":"category","embeddable":true,"href":"https:\/\/staging.ivg.it\/ediapi\/wp\/v2\/categories?post=515988"},{"taxonomy":"post_tag","embeddable":true,"href":"https:\/\/staging.ivg.it\/ediapi\/wp\/v2\/tags?post=515988"}],"curies":[{"name":"wp","href":"https:\/\/api.w.org\/{rel}","templated":true}]}}