{"id":515841,"date":"2021-01-06T19:49:56","date_gmt":"2021-01-06T18:49:56","guid":{"rendered":"http:\/\/www.ivg.it\/?p=515841"},"modified":"2021-01-06T21:17:45","modified_gmt":"2021-01-06T20:17:45","slug":"covid-toti-rt-puntuale-della-liguria-e-a-095-attendiamo-decisioni-del-governo","status":"publish","type":"post","link":"https:\/\/staging.ivg.it\/2021\/01\/covid-toti-rt-puntuale-della-liguria-e-a-095-attendiamo-decisioni-del-governo\/","title":{"rendered":"Covid, Toti: \u201cRt della Liguria \u00e8 a 0,95. Attendiamo decisioni del Governo\u201d"},"content":{"rendered":"<p><strong>Liguria<\/strong>. L\u2019Rt puntuale della regione Liguria \u00e8 attualmente a 0.95. A dirlo il presidente Giovanni Toti nella diretta Facebook sull\u2019analisi quotidiana dei dati relativi al contagio da Covid-19.<\/p>\n<p>\u201cVedremo i dati di domani e di venerd\u00ec in giornata e capiremo, con il ministro Sperenza e la cabina di regia di quale colore sar\u00e0 la Liguria &#8211; ha spiegato Toti &#8211; Tecnicamente noi valutiamo il colore giallo per la nostra regione, ma siamo molto a cavallo con l\u2019arancione, quindi dipender\u00e0 da come vengono interpretati i dati dal Governo. Ci sar\u00e0 un nuovo decreto che decider\u00e0 se continuare anche dopo il 15 gennaio con il sistema dei colori che ha regolato finora questa emergenza\u201d.<\/p>\n<p>&#8220;<a href=\"https:\/\/www.ivg.it\/2021\/01\/covid-sono-365-i-nuovi-positivi-89-nel-savonese\/\">I numeri di oggi sono abbastanza rassicuranti<\/a> &#8211; ha detto ancora il governatore &#8211; il rapporto tamponi-positivi \u00e8 sotto il 10%, un dato notevole perch\u00e9 molte regioni oggi sono ancora sopra questa soglia. Nonostante il giorno festivo abbiamo avuto molte dimissioni dagli ospedali: il numero dei ricoverati torna dunque a scendere dopo qualche giorno di risalita, cos\u00ec come le terapie intensive che si tengono nei parametri di sicurezza. Sono meno anche gli isolati a domicilio&#8221;.<\/p>\n<p>Il governatore si \u00e8 poi soffermato sulla <a href=\"https:\/\/www.ivg.it\/2021\/01\/emorragia-celebrale-e-rush-cutaneo-dopo-il-vaccino-anticovid-muore-anziana-di-un-rsa\/\">donna di 89 anni deceduta all\u2019alba di oggi a poche ore dal vaccino<\/a>: \u201cSi sta indagano in senso medico sul decesso di una signora che dopo una reazione allergica ha avuto un\u2019emorragia cerebrale. I nostri medici non sanno ancora dire se vi sia un nesso di causa-effetto, molti propendono per il no ma saranno le indagini a dirlo. Abbiamo trasmesso le informazioni ad Aifa e al capo di prevenzione nazionale del ministero e vedremo i risultati degli esami autoptici e degli altri accertamenti\u201d.<\/p>\n<p>&#8220;La Liguria sta rispettando il piano vaccinazioni nonostante quello che dicono alcuni che non perdono occasione di straparlare &#8211; ha specificato il governatore &#8211; Il numero dei vaccini fatti in Liguria ci colloca circa a met\u00e0 classifica come rapporto dei vaccini fatti sui vaccini consegnati; ma siamo anche tra i primi come numero assoluto, dato che abbiamo ricevuto pi\u00f9 vaccini di altri, avendo pi\u00f9 anziani e pi\u00f9 Rsa di altri&#8221;.<\/p>\n<p>&#8220;Entro gennaio sar\u00e0 terminata la fase 1 che coinvolge personale sanitario e Rsa e cominceremo a vaccinare gli ultraottantenni &#8216;di comunit\u00e0&#8217;, quelli che vivono nelle loro case, e magari molte altre categorie che ce lo stanno chiedendo in questi giorni: ci stiamo facendo parte diligente nel segnalare al ministero, alla struttura commissariale, al comitato tecnico scientifico, all&#8217;istituto superiore di sanit\u00e0 le richieste delle categorie, alcune delle quali effettivamente pi\u00f9 esposte di altre, che vogliono essere inserite nelle fasi 2 e 3 di vaccinazione&#8221; ha commentato Toti.<\/p>\n<p>Poi ha concluso: &#8220;Domani torneranno a scuola i ragazzi delle elementari e delle medie. Luned\u00ec, comunque vada e di qualsiasi colore sar\u00e0 la nostra regione, anche il 50% dei ragazzi delle superiori torner\u00e0 a scuola in presenza, e questo \u00e8 un piccolo ritorno alla normalit\u00e0. Sabato saremo ancora arancione e luned\u00ec, per molti, sar\u00e0 un ritorno al lavoro complicato. Noi tratteremo con il ministero le nuove norme e l&#8217;arrivo del personale aggiuntivo promesso ancora questa mattina nel corso della riunione con il commissario Arcuri: personale che servir\u00e0 per aumentare le vaccinazioni nel momento in cui aumenter\u00e0 anche il quantitativo dei vaccini in arrivo, cio\u00e9 nel mese di febbraio&#8221;.<\/p>\n","protected":false},"excerpt":{"rendered":"<p>Sul decesso dell&#8217;anziana vaccinata: &#8220;Attendiamo esami, abbiamo comunicato quanto accaduto ad Aifa&#8221;<\/p>\n","protected":false},"author":18838,"featured_media":0,"comment_status":"open","ping_status":"closed","sticky":false,"template":"","format":"standard","meta":{"footnotes":""},"categories":[34,31],"tags":[113785,223],"class_list":["post-515841","post","type-post","status-publish","format-standard","hentry","category-cronaca","category-politica","tag-covid","tag-regione-liguria"],"amp_validity":null,"amp_enabled":true,"_links":{"self":[{"href":"https:\/\/staging.ivg.it\/ediapi\/wp\/v2\/posts\/515841","targetHints":{"allow":["GET"]}}],"collection":[{"href":"https:\/\/staging.ivg.it\/ediapi\/wp\/v2\/posts"}],"about":[{"href":"https:\/\/staging.ivg.it\/ediapi\/wp\/v2\/types\/post"}],"author":[{"embeddable":true,"href":"https:\/\/staging.ivg.it\/ediapi\/wp\/v2\/users\/18838"}],"replies":[{"embeddable":true,"href":"https:\/\/staging.ivg.it\/ediapi\/wp\/v2\/comments?post=515841"}],"version-history":[{"count":0,"href":"https:\/\/staging.ivg.it\/ediapi\/wp\/v2\/posts\/515841\/revisions"}],"wp:attachment":[{"href":"https:\/\/staging.ivg.it\/ediapi\/wp\/v2\/media?parent=515841"}],"wp:term":[{"taxonomy":"category","embeddable":true,"href":"https:\/\/staging.ivg.it\/ediapi\/wp\/v2\/categories?post=515841"},{"taxonomy":"post_tag","embeddable":true,"href":"https:\/\/staging.ivg.it\/ediapi\/wp\/v2\/tags?post=515841"}],"curies":[{"name":"wp","href":"https:\/\/api.w.org\/{rel}","templated":true}]}}