{"id":515821,"date":"2021-01-06T13:56:13","date_gmt":"2021-01-06T12:56:13","guid":{"rendered":"http:\/\/www.ivg.it\/?p=515821"},"modified":"2021-01-06T13:58:37","modified_gmt":"2021-01-06T12:58:37","slug":"manifestazione-punto-nascite-rozzi-fdi-partecipare-oltre-il-colore-politico","status":"publish","type":"post","link":"https:\/\/staging.ivg.it\/2021\/01\/manifestazione-punto-nascite-rozzi-fdi-partecipare-oltre-il-colore-politico\/","title":{"rendered":"Manifestazione Punto Nascite, Rozzi (FdI): &#8220;Partecipare oltre il colore politico&#8221;"},"content":{"rendered":"<p><strong>Pietra Ligure<\/strong>. &#8220;Prendiamo atto, senza neanche troppo stupore, del comunicato di CGIL che incensa a mezzo stampa il suo ruolo di promotore nella manifestazione del 23 gennaio prossimo a favore della riapertura del punto nascite del Santa Corona, cogliendo l&#8217;occasione per allargare l&#8217;argomento a svariati richiami di politica generale (&#8216;urgono politiche coraggiose&#8217;, &#8216;nuovo modello di sanit\u00e0 in Liguria&#8217;) che esulano, a parer nostro, dall&#8217;iniziativa stessa. &#8216;No a strumentalizzazioni da parte della politica&#8217;, lo slogan utilizzato dal segretario del sindacato Pasa. Quanta ipocrisia!&#8221;.<\/p>\n<p>A dirlo\u00a0Silvia Rozzi, capogruppo FdI in consiglio comunale a Pietra Ligure e presidente del Circolo di FdI Pietra Ligure Val Maremola, che continua: &#8220;Ci sentiamo obbligati ad informare i cittadini su come stanno realmente le cose, per ci\u00f2 che ci riguarda, convincendoli che alla manifestazione sar\u00e0 importante partecipare numerosi a prescindere da chi, fra i tanti, cercher\u00e0 di porvi sopra una bandiera&#8221;.<\/p>\n<p>&#8220;Per primi ci siamo esposti contro la chiusura, anche temporanea, del reparto &#8211; prosegue Rozzi &#8211; siamo l&#8217;unica forza politica di maggioranza in Regione ad essersi espressa fin dal primo giorno chiaramente ed in maniera trasparente a livello territoriale, denunciando il provvedimento di chiusura del reparto di ostetricia e ginecologia all&#8217;interno del Dea di II Livello del Santa Corona come un grave errore tecnico, prima ancora che politico. Personalmente ho offerto il contributo che potevo al gruppo social &#8216;Gi\u00f9 le mani dal punto nascite del Santa Corona&#8217;, ideatore della manifestazione, senza mai promuovere la mia appartenenza, ma partecipando in primis quale cittadino attivo, quindi come professionista sanitario e, ove opportuno, in qualit\u00e0 di consigliere comunale&#8221;.<\/p>\n<p>&#8220;D&#8217;altro canto, tra i quasi 6000 iscritti al gruppo nato spontaneamente sui social, ci sono diversi esponenti politici, perch\u00e9 \u00e8 pura demagogia pensare che la politica non sia protagonista di argomenti cos\u00ec importanti &#8211; sottolinea la capogruppo di FdI &#8211; Tra gli attivisti anche, ovviamente, esponenti di sinistra. Eppure in tutte queste settimane si \u00e8 lavorato di concerto e in silenzio nell&#8217;interesse collettivo, fino a ieri, quando il sindacato in questione ci ha tenuto a porre un vessillo distintivo&#8221;.<\/p>\n<p>&#8220;Il segretario Pasa avrebbe dovuto specificare. No a contaminazioni politiche&#8230; di destra! Sarebbe stato pi\u00f9 onesto&#8221; conclude Rozzi.<\/p>\n<p>Ed \u00e8 lo stesso commissario provinciale di Fratelli d&#8217;Italia, Claudio Cavallo, sindaco di Stellanello, a puntualizzare: &#8220;Ho aderito come sindaco e non come commissario provinciale di Fratelli d&#8217;Italia proprio per non dare connotazioni politiche alla manifestazione del 23 gennaio, bench\u00e9 la nostra consigliera Silvia Rozzi prima su tutti abbia sollevato e approfondito la questione del punto nascite. Parteciper\u00f2 per convinzione della causa, perch\u00e9 riapra il reparto di ostetricia e ginecologia e non venga depotenziato il Dea di II livello del Santa Corona, ma non sono disposto a farmi mettere il berretto rosso o a trasformare un&#8217;iniziativa trasversale e condivisa in una battaglia politica contro l&#8217;amministrazione regionale&#8221; conclude Cavallo.<\/p>\n","protected":false},"excerpt":{"rendered":"<p>&#8220;Tra i quasi 6000 iscritti al gruppo social nato in opposizione alla chiusura di ostetricia e ginecologia ci sono diversi esponenti politici&#8221;<\/p>\n","protected":false},"author":18838,"featured_media":0,"comment_status":"open","ping_status":"closed","sticky":false,"template":"","format":"standard","meta":{"footnotes":""},"categories":[45296,31],"tags":[507,68270,302],"class_list":["post-515821","post","type-post","status-publish","format-standard","hentry","category-copertina","category-politica","tag-cgil","tag-punto-nascite","tag-santa-corona","post_cat_citta-pietra-ligure"],"amp_validity":null,"amp_enabled":true,"_links":{"self":[{"href":"https:\/\/staging.ivg.it\/ediapi\/wp\/v2\/posts\/515821","targetHints":{"allow":["GET"]}}],"collection":[{"href":"https:\/\/staging.ivg.it\/ediapi\/wp\/v2\/posts"}],"about":[{"href":"https:\/\/staging.ivg.it\/ediapi\/wp\/v2\/types\/post"}],"author":[{"embeddable":true,"href":"https:\/\/staging.ivg.it\/ediapi\/wp\/v2\/users\/18838"}],"replies":[{"embeddable":true,"href":"https:\/\/staging.ivg.it\/ediapi\/wp\/v2\/comments?post=515821"}],"version-history":[{"count":0,"href":"https:\/\/staging.ivg.it\/ediapi\/wp\/v2\/posts\/515821\/revisions"}],"wp:attachment":[{"href":"https:\/\/staging.ivg.it\/ediapi\/wp\/v2\/media?parent=515821"}],"wp:term":[{"taxonomy":"category","embeddable":true,"href":"https:\/\/staging.ivg.it\/ediapi\/wp\/v2\/categories?post=515821"},{"taxonomy":"post_tag","embeddable":true,"href":"https:\/\/staging.ivg.it\/ediapi\/wp\/v2\/tags?post=515821"}],"curies":[{"name":"wp","href":"https:\/\/api.w.org\/{rel}","templated":true}]}}