{"id":515803,"date":"2021-01-06T08:30:25","date_gmt":"2021-01-06T07:30:25","guid":{"rendered":"http:\/\/www.ivg.it\/?p=515803"},"modified":"2021-01-06T08:43:23","modified_gmt":"2021-01-06T07:43:23","slug":"covid-le-previsioni-di-toti-liguria-gialla-o-arancione-lrt-intorno-all1-esclude-la-zona-rossa","status":"publish","type":"post","link":"https:\/\/staging.ivg.it\/2021\/01\/covid-le-previsioni-di-toti-liguria-gialla-o-arancione-lrt-intorno-all1-esclude-la-zona-rossa\/","title":{"rendered":"Covid, le previsioni di Toti: &#8220;Liguria gialla o arancione, l&#8217;Rt intorno all&#8217;1 esclude la zona rossa&#8221;"},"content":{"rendered":"<p><strong>Liguria<\/strong>. Si attende di sapere quale sar\u00e0 il futuro colore della Liguria, dopo <a href=\"https:\/\/www.ivg.it\/2021\/01\/covid-ecco-il-nuovo-decreto-scuole-superiori-chiuse-almeno-fino-all11-gennaio\/\">le decisione del governo di abbassare la soglia dell&#8217;Rt<\/a> che determina l&#8217;entrata in una zona piuttosto che in un&#8217;altra, il presidente Giovanni Toti rassicura: \u201cImmaginiamo che nel prossimo report l\u2019Rt sia<strong>\u00a0esattamente a cavallo di 1, cio\u00e8 tra 0,98 e 1,01<\/strong>. \u00c8 una definizione che comporter\u00e0 qualche riflessione, ma siamo esattamente a cavallo tra zona gialla e zona arancione\u201d. E in ogni caso \u201c<strong>la zona rossa con questi dati non \u00e8 nel novero delle cose<\/strong>\u201c.<\/p>\n<p>Secondo il governatore, dunque, \u00e8 da escludere lo scenario peggiore. A scoprire le carte sar\u00e0 l\u2019ordinanza del ministro Speranza che arriver\u00e0 venerd\u00ec o sabato in base ai dati del 34esimo monitoraggio dell\u2019Istituto superiore di sanit\u00e0, ma col\u00a0<strong>nuovo sistema di attribuzione delle zone contenuto nel decreto legge<\/strong>\u00a0approvato la scorsa notte dal Consiglio dei ministri.<\/p>\n<p>\u201c<strong>L\u2019Rt della regione \u00e8 lievemente calato, siamo a 1,04 mentre eravamo a 1,07 in ultimo report<\/strong>\u00a0\u2013 specifica Toti -. Ritengo che nel monitoraggio in arrivo possa salire anche qualcosa di meno, ma attendiamo tutti di vedere i numeri consolidati\u201d. Gli altri fattori di rischio non preoccupano: \u201cRestano sostanzialmente moderati. Abbiamo le terapie intensive intorno al 30%, i posti letto al 40%, un\u2019incidenza di circa 2 casi ogni 10mila abitanti\u201d.<\/p>\n<p>Il grande punto interrogativo, ovviamente, riguarda le\u00a0<strong>scuole<\/strong>. Le elementari e le medie apriranno comunque il 7 gennaio, mentre per il ritorno in classe del 50% degli studenti delle superiori il Governo ha deciso di aspettare l\u201911 gennaio proprio per non anticipare la nuova classificazione delle regioni.\u00a0\u201c<strong>Se sar\u00e0 zona gialla o arancione non cambier\u00e0 nulla<\/strong>, se invece dovessimo essere classificati\u00a0<strong>zona<\/strong>\u00a0<strong>rossa<\/strong>, cosa che con questi dati non \u00e8 nel novero delle cose, le<strong>\u00a0superiori rimarranno chiuse<\/strong>\u201c, ricorda Toti.<\/p>\n<p>In ogni caso, nel caos dei governatori che si muovono in ordine sparso,<strong>\u00a0in Liguria si escludono ordinanze per posticipare ulteriormente l\u2019inizio delle lezioni in licei e istituti tecnici e professionali<\/strong>: \u201cAl momento \u00e8 assai probabile che non sia necessario alcun provvedimento \u2013 risponde il presidente ligure \u2013 perch\u00e9 prima di domenica prossima sapremo quale sar\u00e0 la nostra collocazione e quali scuole apriranno luned\u00ec. Non occorre alcuna ordinanza ponte per dare ordine al sistema. Stando ai dati di oggi il calendario predisposto lo riteniamo accettabile. Come sempre fino a domenica ci riserviamo ulteriori valutazioni\u201d.<\/p>\n<div class=\"banner middle-board first\"><\/div>\n","protected":false},"excerpt":{"rendered":"<p>In ogni caso si escludono ordinanze per posticipare ulteriormente il ritorno a scuola degli studenti delle superiori<\/p>\n","protected":false},"author":19447,"featured_media":0,"comment_status":"open","ping_status":"closed","sticky":false,"template":"","format":"standard","meta":{"footnotes":""},"categories":[45296,56],"tags":[111891,113785,12608],"class_list":["post-515803","post","type-post","status-publish","format-standard","hentry","category-copertina","category-altre","tag-coronavirus","tag-covid","tag-decreto","post_tag_personaggi-giovanni-toti"],"amp_validity":null,"amp_enabled":true,"_links":{"self":[{"href":"https:\/\/staging.ivg.it\/ediapi\/wp\/v2\/posts\/515803","targetHints":{"allow":["GET"]}}],"collection":[{"href":"https:\/\/staging.ivg.it\/ediapi\/wp\/v2\/posts"}],"about":[{"href":"https:\/\/staging.ivg.it\/ediapi\/wp\/v2\/types\/post"}],"author":[{"embeddable":true,"href":"https:\/\/staging.ivg.it\/ediapi\/wp\/v2\/users\/19447"}],"replies":[{"embeddable":true,"href":"https:\/\/staging.ivg.it\/ediapi\/wp\/v2\/comments?post=515803"}],"version-history":[{"count":0,"href":"https:\/\/staging.ivg.it\/ediapi\/wp\/v2\/posts\/515803\/revisions"}],"wp:attachment":[{"href":"https:\/\/staging.ivg.it\/ediapi\/wp\/v2\/media?parent=515803"}],"wp:term":[{"taxonomy":"category","embeddable":true,"href":"https:\/\/staging.ivg.it\/ediapi\/wp\/v2\/categories?post=515803"},{"taxonomy":"post_tag","embeddable":true,"href":"https:\/\/staging.ivg.it\/ediapi\/wp\/v2\/tags?post=515803"}],"curies":[{"name":"wp","href":"https:\/\/api.w.org\/{rel}","templated":true}]}}