{"id":515785,"date":"2021-01-05T17:39:58","date_gmt":"2021-01-05T16:39:58","guid":{"rendered":"http:\/\/www.ivg.it\/?p=515785"},"modified":"2021-01-05T17:45:24","modified_gmt":"2021-01-05T16:45:24","slug":"accesso-credito-artigiani-cna-savona-fondi-regione-importanti-per-sostenere-lartigianato-ligure","status":"publish","type":"post","link":"https:\/\/staging.ivg.it\/2021\/01\/accesso-credito-artigiani-cna-savona-fondi-regione-importanti-per-sostenere-lartigianato-ligure\/","title":{"rendered":"Accesso credito artigiani, Cna Savona: &#8220;Pi\u00f9 fondi stanziati dalla Regione rispetto al passato&#8221;"},"content":{"rendered":"<p><strong>Savona<\/strong>. A un anno e mezzo dallo stop della misura &#8220;Artigiancassa&#8221;, importante strumento per l&#8217;accesso al credito delle micro e piccole imprese artigiane, <a href=\"https:\/\/www.ivg.it\/2021\/01\/sviluppo-economico-previsti-9-5-milioni-di-euro-per-laccesso-al-credito-degli-artigiani\/\">Regione Liguria stanzia 9,5 milioni di euro di risorse comunitarie<\/a>, sostenendo investimenti con contributi a fondo perduto e con un sistema di garanzie.<\/p>\n<p>&#8220;Occorre sostenere le imprese artigiane liguri che investono nella propria attivit\u00e0 con benefici indiretti sul tessuto economico, sull&#8217;occupazione e sulla tecnologia&#8221; commenta Massimo Giacchetta, presidente di CNA Liguria, accogliendo positivamente la notizia dello stanziamento regionale, pi\u00f9 ingente rispetto alla dotazione passata dello stesso strumento finanziario.<\/p>\n<p>&#8220;L&#8217;artigianato rappresenta un terzo del tessuto produttivo ligure. Un settore che, soprattutto in un momento di difficolt\u00e0 che stiamo vivendo, occorre sostenere con iniziative di carattere promozionale e con strumenti di accesso al credito, che incentivino gli investimenti da parte delle imprese&#8221; continua Giacchetta.<\/p>\n<p>&#8220;Il nuovo strumento avr\u00e0 una retroattivit\u00e0 per garantire la continuit\u00e0 dei finanziamenti, vista la precedente sospensione dal 5 agosto 2019 a causa dell&#8217;impossibilit\u00e0 di prorogare la precedente misura. Con questo atto, Regione Liguria affida la gestione di questi fondi dedicati al comparto dell&#8217;artigianato che si stimano sufficienti per il prossimo triennio&#8221;.<\/p>\n<p>La modulistica per la presentazione delle domande sar\u00e0 presto disponibile.<\/p>\n<p>Gli uffici del credito CNA si mettono a disposizione per maggiori informazioni e per la predisposizione delle domande di finanziamento, di agevolazione e di garanzia.<\/p>\n","protected":false},"excerpt":{"rendered":"<p>&#8220;Il settore rappresenta un terzo del tessuto produttivo ligure&#8221;<\/p>\n","protected":false},"author":18838,"featured_media":0,"comment_status":"open","ping_status":"closed","sticky":false,"template":"","format":"standard","meta":{"footnotes":""},"categories":[45296,35],"tags":[5861],"class_list":["post-515785","post","type-post","status-publish","format-standard","hentry","category-copertina","category-economia","tag-artigiani","post_tag_personaggi-massimo-giacchetta"],"amp_validity":null,"amp_enabled":true,"_links":{"self":[{"href":"https:\/\/staging.ivg.it\/ediapi\/wp\/v2\/posts\/515785","targetHints":{"allow":["GET"]}}],"collection":[{"href":"https:\/\/staging.ivg.it\/ediapi\/wp\/v2\/posts"}],"about":[{"href":"https:\/\/staging.ivg.it\/ediapi\/wp\/v2\/types\/post"}],"author":[{"embeddable":true,"href":"https:\/\/staging.ivg.it\/ediapi\/wp\/v2\/users\/18838"}],"replies":[{"embeddable":true,"href":"https:\/\/staging.ivg.it\/ediapi\/wp\/v2\/comments?post=515785"}],"version-history":[{"count":0,"href":"https:\/\/staging.ivg.it\/ediapi\/wp\/v2\/posts\/515785\/revisions"}],"wp:attachment":[{"href":"https:\/\/staging.ivg.it\/ediapi\/wp\/v2\/media?parent=515785"}],"wp:term":[{"taxonomy":"category","embeddable":true,"href":"https:\/\/staging.ivg.it\/ediapi\/wp\/v2\/categories?post=515785"},{"taxonomy":"post_tag","embeddable":true,"href":"https:\/\/staging.ivg.it\/ediapi\/wp\/v2\/tags?post=515785"}],"curies":[{"name":"wp","href":"https:\/\/api.w.org\/{rel}","templated":true}]}}