{"id":515679,"date":"2021-01-04T14:15:48","date_gmt":"2021-01-04T13:15:48","guid":{"rendered":"http:\/\/www.ivg.it\/?p=515679"},"modified":"2021-01-04T14:15:48","modified_gmt":"2021-01-04T13:15:48","slug":"albenga-il-sindaco-e-medico-tomatis-riceve-la-prima-dose-di-vaccino-anti-covid-vaccinarsi-scelta-di-responsabilita","status":"publish","type":"post","link":"https:\/\/staging.ivg.it\/2021\/01\/albenga-il-sindaco-e-medico-tomatis-riceve-la-prima-dose-di-vaccino-anti-covid-vaccinarsi-scelta-di-responsabilita\/","title":{"rendered":"Albenga, il sindaco (e medico) Tomatis riceve la prima dose di vaccino anti-Covid: &#8220;Vaccinarsi scelta di responsabilit\u00e0&#8221;"},"content":{"rendered":"<p><strong>Albenga<\/strong>. Oggi il sindaco di Albenga Riccardo Tomatis, nella sua qualit\u00e0 di medico, ha ricevuto la prima dose del vaccino anti Covid-19 senza riscontrare alcun effetto collaterale.<\/p>\n<p>Al fine di sensibilizzare tutti i cittadini dichiara: &#8220;Invito tutti coloro che ne avranno la possibilit\u00e0, quando sar\u00e0 il momento, a vaccinarsi&#8221;.<\/p>\n<p>\u201cVaccinarsi \u00e8 una scelta di responsabilit\u00e0 a tutela della salute non solo propria, ma anche di coloro che, per problemi legati a particolari stati di salute, non possono farlo. \u00c8, inoltre, una scelta di responsabilit\u00e0 civica perch\u00e9 solo vaccinandoci riusciranno a migliorare tutti quei parametri statistici e clinici che vengono valutati dal Governo per scegliere quali e quanti tipi di restrizioni adottare\u201d.<\/p>\n<p>\u201cChi non si vaccina non solo mette a repentaglio la propria salute e rappresenta un costo sanitario aggiuntivo qualora si ammali, ma mette anche a rischio l&#8217;intera economia non consentendo, con la sua scelta, una ripresa in tempi brevi della stessa\u201d.<\/p>\n","protected":false},"excerpt":{"rendered":"<p>&#8220;Invito tutti coloro che ne avranno la possibilit\u00e0, quando sar\u00e0 il momento, a vaccinarsi&#8221;<\/p>\n","protected":false},"author":12120,"featured_media":0,"comment_status":"open","ping_status":"closed","sticky":false,"template":"","format":"standard","meta":{"footnotes":""},"categories":[45296,31],"tags":[14591,111891,116179],"class_list":["post-515679","post","type-post","status-publish","format-standard","hentry","category-copertina","category-politica","tag-comune-di-albenga","tag-coronavirus","tag-vaccino-covid","post_cat_citta-albenga","post_tag_personaggi-riccardo-tomatis-2"],"amp_validity":null,"amp_enabled":true,"_links":{"self":[{"href":"https:\/\/staging.ivg.it\/ediapi\/wp\/v2\/posts\/515679","targetHints":{"allow":["GET"]}}],"collection":[{"href":"https:\/\/staging.ivg.it\/ediapi\/wp\/v2\/posts"}],"about":[{"href":"https:\/\/staging.ivg.it\/ediapi\/wp\/v2\/types\/post"}],"author":[{"embeddable":true,"href":"https:\/\/staging.ivg.it\/ediapi\/wp\/v2\/users\/12120"}],"replies":[{"embeddable":true,"href":"https:\/\/staging.ivg.it\/ediapi\/wp\/v2\/comments?post=515679"}],"version-history":[{"count":0,"href":"https:\/\/staging.ivg.it\/ediapi\/wp\/v2\/posts\/515679\/revisions"}],"wp:attachment":[{"href":"https:\/\/staging.ivg.it\/ediapi\/wp\/v2\/media?parent=515679"}],"wp:term":[{"taxonomy":"category","embeddable":true,"href":"https:\/\/staging.ivg.it\/ediapi\/wp\/v2\/categories?post=515679"},{"taxonomy":"post_tag","embeddable":true,"href":"https:\/\/staging.ivg.it\/ediapi\/wp\/v2\/tags?post=515679"}],"curies":[{"name":"wp","href":"https:\/\/api.w.org\/{rel}","templated":true}]}}