{"id":515635,"date":"2021-01-03T16:54:41","date_gmt":"2021-01-03T15:54:41","guid":{"rendered":"http:\/\/www.ivg.it\/?p=515635"},"modified":"2021-01-03T17:02:15","modified_gmt":"2021-01-03T16:02:15","slug":"cdr-ingauno-anche-per-i-comuni-dellentroterra-tomatis-lega-rischio-ambientale-e-viario","status":"publish","type":"post","link":"https:\/\/staging.ivg.it\/2021\/01\/cdr-ingauno-anche-per-i-comuni-dellentroterra-tomatis-lega-rischio-ambientale-e-viario\/","title":{"rendered":"Cdr ingauno anche per i comuni dell&#8217;entroterra, Tomatis (Lega): &#8220;Rischio ambientale e viario&#8221;"},"content":{"rendered":"<p><strong>Albenga.<\/strong> Nell&#8217;ultima giunta del 30 dicembre 2020 \u00e8 stata approvata una delibera che autorizza la societ\u00e0 Sat, che si occupa della raccolta rifiuti di Albenga, l&#8217;accesso al centro raccolta rifiuti (Cdr) ingauno anche per i comuni di Erli, Nasino, Arnasco, Castelbianco, Castelvecchio di Rocca Barbena e Cisano sul Neva.<\/p>\n<p>Entra nel merito il consigliere di minoranza Roberto Tomatis (Lega): &#8220;Se \u00e8 evidente che per Sat, che si occupa della raccolta rifiuti anche di questi comuni, conferire all&#8217;isola ecologica della caserma Turinetto di Albenga riveste un notevole vantaggio, ci chiediamo quale sia invece quello per il nostro comune&#8221; afferma.<\/p>\n<p>&#8220;Vediamo invece solo criticit\u00e0, a partire dall&#8217;impatto ambientale e ricaduta negativa sul territorio di un aumento dei rifiuti, tenendo anche conto della vicinanza dell&#8217;ospedale Santa Maria di Misericordia, ma non solo: quale sar\u00e0 la ricaduta negativa sulla viabilit\u00e0 dovuta alla circolazione di mezzi provenienti da ben cinque comuni? Chiediamo quindi garanzie al sindaco sulle ricadute sul piano ambientale, considerando che i numeri saranno aumentati in modo esponenziale, vista la platea di comuni che dal 1 gennaio conferiscono i rifiuti nel Cdr della Turinetto&#8221;.<\/p>\n<p>&#8220;Chiediamo inoltre se \u00e8 stata fatta una valutazione tecnica sull&#8217;impatto viario, vista l&#8217;arteria unica che porta al centro raccolta. Perch\u00e9 se \u00e8 chiaro il vantaggio per Sat non \u00e8 affatto chiaro quale sia quello del comune di Albenga, che invece appare piuttosto penalizzato da questa decisione&#8221; conclude l&#8217;esponente di opposizione.<\/p>\n","protected":false},"excerpt":{"rendered":"<p>&#8220;Chiediamo spiegazioni al sindaco per questa decisione&#8221;<\/p>\n","protected":false},"author":4,"featured_media":0,"comment_status":"open","ping_status":"closed","sticky":false,"template":"","format":"standard","meta":{"footnotes":""},"categories":[34,31],"tags":[110543,4200,498],"class_list":["post-515635","post","type-post","status-publish","format-standard","hentry","category-cronaca","category-politica","tag-centro-raccolta-sat","tag-lega","tag-rifiuti","post_cat_citta-albenga","post_tag_personaggi-roberto-tomatis"],"amp_validity":null,"amp_enabled":true,"_links":{"self":[{"href":"https:\/\/staging.ivg.it\/ediapi\/wp\/v2\/posts\/515635","targetHints":{"allow":["GET"]}}],"collection":[{"href":"https:\/\/staging.ivg.it\/ediapi\/wp\/v2\/posts"}],"about":[{"href":"https:\/\/staging.ivg.it\/ediapi\/wp\/v2\/types\/post"}],"author":[{"embeddable":true,"href":"https:\/\/staging.ivg.it\/ediapi\/wp\/v2\/users\/4"}],"replies":[{"embeddable":true,"href":"https:\/\/staging.ivg.it\/ediapi\/wp\/v2\/comments?post=515635"}],"version-history":[{"count":0,"href":"https:\/\/staging.ivg.it\/ediapi\/wp\/v2\/posts\/515635\/revisions"}],"wp:attachment":[{"href":"https:\/\/staging.ivg.it\/ediapi\/wp\/v2\/media?parent=515635"}],"wp:term":[{"taxonomy":"category","embeddable":true,"href":"https:\/\/staging.ivg.it\/ediapi\/wp\/v2\/categories?post=515635"},{"taxonomy":"post_tag","embeddable":true,"href":"https:\/\/staging.ivg.it\/ediapi\/wp\/v2\/tags?post=515635"}],"curies":[{"name":"wp","href":"https:\/\/api.w.org\/{rel}","templated":true}]}}