{"id":515574,"date":"2021-01-02T11:29:39","date_gmt":"2021-01-02T10:29:39","guid":{"rendered":"http:\/\/www.ivg.it\/?p=515574"},"modified":"2021-01-02T11:29:39","modified_gmt":"2021-01-02T10:29:39","slug":"nuovo-carcere-ciangherotti-fi-anche-il-garante-dei-regionale-dei-detenuti-boccia-cengio-albenga-e-la-sede-idonea","status":"publish","type":"post","link":"https:\/\/staging.ivg.it\/2021\/01\/nuovo-carcere-ciangherotti-fi-anche-il-garante-dei-regionale-dei-detenuti-boccia-cengio-albenga-e-la-sede-idonea\/","title":{"rendered":"Nuovo carcere, Ciangherotti (FI): &#8220;Anche il garante dei regionale dei detenuti boccia Cengio. Albenga \u00e8 la sede idonea&#8221;"},"content":{"rendered":"<p><strong>Albenga<\/strong>. &#8220;La sede pi\u00f9 idonea per il nuovo carcere \u00e8 Albenga&#8221;. A rilanciare la proposta \u00e8 il capogruppo di Forza Italia in consiglio comunale ad Albenga Eraldo Ciangherotti.<\/p>\n<p>Il forzista si esprime a seguito dell&#8217;intervento del referente regionale dei detenuti in Piemonte, il fossanese Bruno Mellano che ha bocciato l&#8217;ipotesi di realizzare una nuova casa circondariale a Cengio. &#8220;Sbagliano i sindaci degli enti locali di Piemonte e Liguria di collocare un nuovo carcere nell&#8217;area dell&#8217;ex Acna a Cengio, in Liguria &#8211; ha sottolineato Mellano &#8211; Giusto pensare al riutilizzo dell&#8217;area industriale dismessa. Si tratta per\u00f2 un luogo isolato che non garantisce un reinserimento sociale e pena dignitosa a contatto con le famiglie e i servizi. Al massimo si pu\u00f2 valutare l&#8217;utilizzo dell&#8217;imponente complesso della Scuola di polizia penitenziaria di Cairo-Montenotte dove si sta gi\u00e0 sperimentando il lavoro all&#8217;esterno per alcuni detenuti di Fossano&#8221;.<\/p>\n<p>Ed ecco che Eraldo Ciangherotti rilancia la sua proposta: &#8220;La Valbormida \u00e8 una zona decentrata rispetto al resto della provincia e in particolare per il ponente. Meglio aprire una riflessione sull&#8217;opportunit\u00e0 di realizzare un penitenziario ad Albenga. Le aree idonee potrebbero essere quelle all&#8217;uscita del casello autostradale di Albenga nei pressi dell&#8217;Ortofrutticola o ristrutturando l&#8217;ex polveriera sulla strada per Campochiesa. Sia in un caso che nell&#8217;altro sarebbero zone facilmente raggiungibili dai mezzi della polizia penitenziaria e delle forze dell&#8217;ordine per il trasferimento da e per il carcere. Non sono luoghi isolati e offrirebbero vantaggi certi per il personale della polizia penitenziaria e per le famiglie dei detenuti. Anche loro, come le forze dell&#8217;ordine, avrebbero possibilit\u00e0 migliori per raggiungere il carcere vicino all&#8217;autostrada e tra l&#8217;altro non lontano da un ospedale&#8221;.<\/p>\n<p>&#8220;La nostra provincia &#8211; ripete il consigliere comunale di Forza Italia di Albenga &#8211; ha bisogno di un nuovo penitenziario in tempi rapidi e penso che nella nostra citt\u00e0 si possa realizzare una struttura accogliente per il personale carcerario e per le loro famiglie (che avranno la possibilit\u00e0 di vivere in una localit\u00e0 dotata di tutti servizi), ma appunto anche per gli stessi detenuti e i loro parenti in visita e per tutte le persone addette ai lavori. La presenza sul territorio di un&#8217;importante struttura offrirebbe un&#8217;opportunit\u00e0 di lavoro a commercianti ed artigiani. Occasioni uniche come lo sono state per decenni le caserme la cui chiusura ha, invece, impoverito il territorio, come ben ricordano i pi\u00f9 anziani&#8221;.<\/p>\n<p>&#8220;Un istituto ad Albenga, inoltre, oltre a minori costi di gestione per le casse dello Stato, garantirebbe una maggiore sicurezza per la stessa cittadina con pi\u00f9 forze dell&#8217;ordine sul territorio. Per questo motivo invito alla riflessione non solo l&#8217;onorevole Franco Vazio, ma tutti i parlamentari della Liguria e in particolare del Ponente Ligure affinch\u00e9 valutino l&#8217;opportunit\u00e0 di realizzare un penitenziario nella nostra citt\u00e0&#8221;.<\/p>\n","protected":false},"excerpt":{"rendered":"<p>&#8220;La Valbormida \u00e8 una zona decentrata rispetto al resto della provincia e in particolare per il ponente&#8221;<\/p>\n","protected":false},"author":12120,"featured_media":0,"comment_status":"open","ping_status":"closed","sticky":false,"template":"","format":"standard","meta":{"footnotes":""},"categories":[45296,31],"tags":[62652,9361],"class_list":["post-515574","post","type-post","status-publish","format-standard","hentry","category-copertina","category-politica","tag-forza-italia-albenga","tag-nuovo-carcere","post_cat_citta-albenga","post_tag_personaggi-eraldo-ciangherotti-2"],"amp_validity":null,"amp_enabled":true,"_links":{"self":[{"href":"https:\/\/staging.ivg.it\/ediapi\/wp\/v2\/posts\/515574","targetHints":{"allow":["GET"]}}],"collection":[{"href":"https:\/\/staging.ivg.it\/ediapi\/wp\/v2\/posts"}],"about":[{"href":"https:\/\/staging.ivg.it\/ediapi\/wp\/v2\/types\/post"}],"author":[{"embeddable":true,"href":"https:\/\/staging.ivg.it\/ediapi\/wp\/v2\/users\/12120"}],"replies":[{"embeddable":true,"href":"https:\/\/staging.ivg.it\/ediapi\/wp\/v2\/comments?post=515574"}],"version-history":[{"count":0,"href":"https:\/\/staging.ivg.it\/ediapi\/wp\/v2\/posts\/515574\/revisions"}],"wp:attachment":[{"href":"https:\/\/staging.ivg.it\/ediapi\/wp\/v2\/media?parent=515574"}],"wp:term":[{"taxonomy":"category","embeddable":true,"href":"https:\/\/staging.ivg.it\/ediapi\/wp\/v2\/categories?post=515574"},{"taxonomy":"post_tag","embeddable":true,"href":"https:\/\/staging.ivg.it\/ediapi\/wp\/v2\/tags?post=515574"}],"curies":[{"name":"wp","href":"https:\/\/api.w.org\/{rel}","templated":true}]}}