{"id":514952,"date":"2020-12-22T17:07:15","date_gmt":"2020-12-22T16:07:15","guid":{"rendered":"http:\/\/www.ivg.it\/?p=514952"},"modified":"2020-12-22T17:07:15","modified_gmt":"2020-12-22T16:07:15","slug":"coronavirus-lieve-aumento-dei-pazienti-in-ospedale-ma-calano-quelli-in-terapia-intensiva","status":"publish","type":"post","link":"https:\/\/staging.ivg.it\/2020\/12\/coronavirus-lieve-aumento-dei-pazienti-in-ospedale-ma-calano-quelli-in-terapia-intensiva\/","title":{"rendered":"Coronavirus, lieve aumento dei pazienti in ospedale ma calano quelli in terapia intensiva"},"content":{"rendered":"<p><strong>Genova<\/strong>. Sono 216 i nuovi casi positivi al coronavirus registrati nel bollettino di oggi di Alisa\/Regione per il ministero della Salute. Il dato \u00e8 riferito a 3789 tamponi totali effettuati e quindi il tasso di positivit\u00e0 si attesta al 5,7%, una buona percentuale anche rispetto ai giorni scorsi. Il totale degli attualmente positivi, per\u00f2, scende di 70 unit\u00e0: a fronte di 216 positivi, infatti, si registrano 270 guariti e 16 decessi, di cui 8 ad Albenga e 2 a Pietra Ligure.<\/p>\n<p>Sono 3059 i tamponi cosiddetti rapidi effettuati nelle ultime 24 ore, segno che gli ambulatori stanno continuando a lavorare a regime (ci sar\u00e0 una pausa, per alcuni di essi, durante i giorni delle feste tra Natale e l&#8217;epifania).\u00a0C&#8217;\u00e8 una lieve inversione di tendenza, che potrebbe far preoccupare, nel numero degli ospedalizzati che cresce rispetto a ieri di 7 unit\u00e0 (765 totali negli ospedali della Liguria). L&#8217;aspetto positivo \u00e8 che diminuiscono comunque le terapie intensive, in tutto 65, 5 meno di ieri.<\/p>\n<p>Ancora a due cifre il numero dei morti, sono 16 le persone uccise dal covid e registrate dal bollettino di oggi. Si tratta di pazienti deceduti tra il 13 e il 19 dicembre. Da capire se nel weekend non ci siano state vittime o se non siano ancora state comunicate ad Alisa.<\/p>\n<p>I guariti sono 270, le persone in isolamento domiciliare in tutto sono 5703, 127 meno di ieri. Sono 5952 i soggetti in sorveglianza attiva.<\/p>\n<p><strong>IN PROVINCIA DI SAVONA<\/strong> &#8211;\u00a0I positivi nel savonese salgono ancora: oggi sono 1142, +39 rispetto a ieri. Le persone ricoverate in ospedale sono in tutto 124, con un aumento di 9 persone: restano invece 15 (come ieri) quelle in terapia intensiva. I soggetti in sorveglianza attiva sono in tutto 697 (cio\u00e8 31 in pi\u00f9 di ieri).<\/p>\n<p>Dei 16 decessi segnalati ben 8 sono avvenuto all&#8217;ospedale di Albenga. Si tratta di un uomo di 79 anni e una donna di 73 (il 13 dicembre), due uomini di 76 e 82 anni (il 14), un maschio di 77 (il 15) e uno di 93 (il 16), pi\u00f9 un 97enne e un 92enne il 18 dicembre. Altri due morti invece al Santa Corona di Pietra Ligure: un uomo di 70 anni (lo scorso 13 dicembre) e una donna di 95 (venerd\u00ec 18).<\/p>\n","protected":false},"excerpt":{"rendered":"<p>Oggi registrati 16 morti, ben 10 tra Albenga e Pietra Ligure<\/p>\n","protected":false},"author":10593,"featured_media":0,"comment_status":"open","ping_status":"closed","sticky":false,"template":"","format":"standard","meta":{"footnotes":""},"categories":[45296,34],"tags":[114983,111891,112570],"class_list":["post-514952","post","type-post","status-publish","format-standard","hentry","category-copertina","category-cronaca","tag-bollettino-coronavirus","tag-coronavirus","tag-covid-19"],"amp_validity":null,"amp_enabled":true,"_links":{"self":[{"href":"https:\/\/staging.ivg.it\/ediapi\/wp\/v2\/posts\/514952","targetHints":{"allow":["GET"]}}],"collection":[{"href":"https:\/\/staging.ivg.it\/ediapi\/wp\/v2\/posts"}],"about":[{"href":"https:\/\/staging.ivg.it\/ediapi\/wp\/v2\/types\/post"}],"author":[{"embeddable":true,"href":"https:\/\/staging.ivg.it\/ediapi\/wp\/v2\/users\/10593"}],"replies":[{"embeddable":true,"href":"https:\/\/staging.ivg.it\/ediapi\/wp\/v2\/comments?post=514952"}],"version-history":[{"count":0,"href":"https:\/\/staging.ivg.it\/ediapi\/wp\/v2\/posts\/514952\/revisions"}],"wp:attachment":[{"href":"https:\/\/staging.ivg.it\/ediapi\/wp\/v2\/media?parent=514952"}],"wp:term":[{"taxonomy":"category","embeddable":true,"href":"https:\/\/staging.ivg.it\/ediapi\/wp\/v2\/categories?post=514952"},{"taxonomy":"post_tag","embeddable":true,"href":"https:\/\/staging.ivg.it\/ediapi\/wp\/v2\/tags?post=514952"}],"curies":[{"name":"wp","href":"https:\/\/api.w.org\/{rel}","templated":true}]}}