{"id":514668,"date":"2020-12-18T15:21:00","date_gmt":"2020-12-18T14:21:00","guid":{"rendered":"http:\/\/www.ivg.it\/?p=514668"},"modified":"2020-12-18T15:21:00","modified_gmt":"2020-12-18T14:21:00","slug":"inps-individuati-110-lavoratori-in-nero-in-liguria-cgil-piu-controlli-a-tutela-di-lavoratori-e-imprese-serie","status":"publish","type":"post","link":"https:\/\/staging.ivg.it\/2020\/12\/inps-individuati-110-lavoratori-in-nero-in-liguria-cgil-piu-controlli-a-tutela-di-lavoratori-e-imprese-serie\/","title":{"rendered":"Inps, individuati 110 lavoratori in nero in Liguria. Cgil: &#8220;Pi\u00f9 controlli a tutela di lavoratori e imprese serie&#8221;"},"content":{"rendered":"<p><strong>Liguria<\/strong>. Sono pi\u00f9 di 100 i lavoratori in nero risultati dall&#8217;attivit\u00e0 ispettiva dell&#8217;Inps in Liguria nel 2019. E&#8217; quanto emerge dal bilancio sociale dell&#8217;istituto presentato in questi giorni e che fotografa un anno di attivit\u00e0.<\/p>\n<p>Attraverso il bilancio, l&#8217;Inps rende noti molti dati che consentono diverse considerazioni. Tra le pi\u00f9 significative dal punto di vista sindacale c&#8217;\u00e8 proprio l&#8217;attivit\u00e0 ispettiva: il contrasto all&#8217;evasione ed elusione contributiva, nel corso del 2019, ha accertato complessivamente 13.888 milioni di euro di cui 8.078.944 (58,2% del totale) per accertamenti contributivi. Rispetto ai controlli effettuati sulle aziende, l&#8217;Inps riporta un totale di 325 aziende con irregolarit\u00e0 rispetto al totale delle 384 ispezionate. Con riguardo al lavoro nero e irregolare e ai rapporti di lavoro annullati, l&#8217;azione di vigilanza ispettiva ha condotto alla rilevazione di 3.242 lavoratori irregolari e 110 lavoratori completamente in nero. Sempre sul fronte lavoro i rapporti di lavoro fittizi annullati, ossia quelli &#8220;inventati&#8221; per accedere alle prestazioni dell&#8217;Istituto come ad esempio la disoccupazione, sono stati 299.<\/p>\n<p>&#8220;Sono numeri sconcertanti che riescono a far emergere situazioni che, senza l&#8217;attivit\u00e0 ispettiva, sarebbero invisibili. Non c&#8217;\u00e8 solo un problema per i lavoratori in nero che non hanno alcun diritto, c&#8217;\u00e8 anche una perdita notevole per la collettivit\u00e0 dal punto di vista erariale&#8221; affermano Fabio Marante e Nicola Dho, rispettivamente segretario regionale della Cgil e segretario generale di Fp Cgil Liguria&#8221;.<\/p>\n<p>Per Marante e Dho non investire nella pubblica amministrazione \u00e8 una scelta sbagliata: &#8220;L&#8217;Inps \u00e8 in carenza di organico dovuta a pensionamenti e ad anni di blocco delle assunzioni, ma le pratiche continuano ad aumentare, come risulta dal bilancio che riporta il confronto della produttivit\u00e0 2019 con quella del 2018 che dimostra un incremento del 3,79% in Liguria. E&#8217; evidente che se fossero investite maggiori risorse, l&#8217;attivit\u00e0 dell&#8217;Istituto ne gioverebbe a beneficio di tutti, lavoratori e cittadini&#8221;.<\/p>\n<p>Solo pochi giorni fa si \u00e8 svolto lo sciopero unitario del personale del pubblico impiego, attraverso il quale il sindacato ha chiesto &#8220;un cambio di rotta del Governo che, nonostante l&#8217;impegno dei lavoratori pubblici anche in questo lockdown, \u00e8 sordo alle richieste sindacali: risorse investite nella pubblica amministrazione significano migliori prestazioni a garanzia dell&#8217;universalit\u00e0 dei servizi, e non comprenderlo \u00e8 miope e danneggia tutto il Paese&#8221;.<\/p>\n","protected":false},"excerpt":{"rendered":"<p>E&#8217; quanto emerge dal bilancio sociale dell&#8217;istituto presentato in questi giorni e che fotografa un anno di attivit\u00e0<\/p>\n","protected":false},"author":12120,"featured_media":0,"comment_status":"open","ping_status":"closed","sticky":false,"template":"","format":"standard","meta":{"footnotes":""},"categories":[45296,35,31],"tags":[8875,108300,2970],"class_list":["post-514668","post","type-post","status-publish","format-standard","hentry","category-copertina","category-economia","category-politica","tag-cgil-liguria","tag-fp-cgil-liguria","tag-inps","post_tag_personaggi-fabio-marante","post_tag_personaggi-nicola-dho"],"amp_validity":null,"amp_enabled":true,"_links":{"self":[{"href":"https:\/\/staging.ivg.it\/ediapi\/wp\/v2\/posts\/514668","targetHints":{"allow":["GET"]}}],"collection":[{"href":"https:\/\/staging.ivg.it\/ediapi\/wp\/v2\/posts"}],"about":[{"href":"https:\/\/staging.ivg.it\/ediapi\/wp\/v2\/types\/post"}],"author":[{"embeddable":true,"href":"https:\/\/staging.ivg.it\/ediapi\/wp\/v2\/users\/12120"}],"replies":[{"embeddable":true,"href":"https:\/\/staging.ivg.it\/ediapi\/wp\/v2\/comments?post=514668"}],"version-history":[{"count":0,"href":"https:\/\/staging.ivg.it\/ediapi\/wp\/v2\/posts\/514668\/revisions"}],"wp:attachment":[{"href":"https:\/\/staging.ivg.it\/ediapi\/wp\/v2\/media?parent=514668"}],"wp:term":[{"taxonomy":"category","embeddable":true,"href":"https:\/\/staging.ivg.it\/ediapi\/wp\/v2\/categories?post=514668"},{"taxonomy":"post_tag","embeddable":true,"href":"https:\/\/staging.ivg.it\/ediapi\/wp\/v2\/tags?post=514668"}],"curies":[{"name":"wp","href":"https:\/\/api.w.org\/{rel}","templated":true}]}}