{"id":51456,"date":"2009-02-27T15:50:19","date_gmt":"2009-02-27T14:50:19","guid":{"rendered":"http:\/\/www.ivg.it\/2009\/02\/27\/ciclo-di-conferenze-a-borghetto-e-balestrino\/"},"modified":"2009-02-27T16:20:14","modified_gmt":"2009-02-27T15:20:14","slug":"ciclo-di-conferenze-a-borghetto-e-balestrino","status":"publish","type":"post","link":"https:\/\/staging.ivg.it\/2009\/02\/ciclo-di-conferenze-a-borghetto-e-balestrino\/","title":{"rendered":"Ciclo di conferenze a Borghetto e Balestrino"},"content":{"rendered":"<p><strong>[thumb:414:l]Borghetto Santo Spirito. <\/strong>Proseguono, nell&#8217;ambito delle iniziative promosse dall&#8217;Unitre di Borghetto Santo Spirito e coordinate dalla Biblioteca Civica, gli incontri e le conferenze aperte a tutta la cittadinanza. Si comincer\u00e0 marted\u00ec 3 marzo, alle 15,30, nella sala conferenze di Palazzo Pietracaprina, quando Aldo Gianatti svolger\u00e0 un&#8217;analisi del mondo della terza et\u00e0 nella conferenza &#8220;Senilit\u00e0&#8221;. Si proseguir\u00e0 poi marted\u00ec 17 marzo, stessa ora e stessa location, con i coniugi Ferdinando Fantini e Gian Carlo Ascoli proietteranno lo splendido diaporama &#8220;Borghi perduti&#8221;.<\/p>\n<p>Infine venerd\u00ec 13 marzo alle 21, presso la biblioteca civica di Balestrino, Paola e Luigi Tassisto proporranno una serie di diapositive, che faranno scoprire i paesaggi e la natura delle valli liguri.<\/p>\n","protected":false},"excerpt":{"rendered":"<p>[thumb:414:l]Borghetto Santo Spirito. Proseguono, nell&#8217;ambito delle iniziative promosse dall&#8217;Unitre di Borghetto Santo Spirito e coordinate dalla Biblioteca Civica, gli incontri e le conferenze aperte a tutta la cittadinanza. Si comincer\u00e0 marted\u00ec 3 marzo, alle 15,30, nella sala conferenze di Palazzo Pietracaprina, quando Aldo Gianatti svolger\u00e0 un&#8217;analisi del mondo della terza et\u00e0 nella conferenza &#8220;Senilit\u00e0&#8221;. Si [&hellip;]<\/p>\n","protected":false},"author":1385,"featured_media":0,"comment_status":"open","ping_status":"closed","sticky":false,"template":"","format":"standard","meta":{"footnotes":""},"categories":[],"tags":[86081,7176,86019,7163],"class_list":["post-51456","post","type-post","status-publish","format-standard","hentry","tag-borghetto-santo-spirito","tag-ciclo","tag-comune","tag-conferenze","post_cat_citta-balestrino","post_cat_citta-borghetto-santo-spirito"],"amp_validity":null,"amp_enabled":true,"_links":{"self":[{"href":"https:\/\/staging.ivg.it\/ediapi\/wp\/v2\/posts\/51456","targetHints":{"allow":["GET"]}}],"collection":[{"href":"https:\/\/staging.ivg.it\/ediapi\/wp\/v2\/posts"}],"about":[{"href":"https:\/\/staging.ivg.it\/ediapi\/wp\/v2\/types\/post"}],"author":[{"embeddable":true,"href":"https:\/\/staging.ivg.it\/ediapi\/wp\/v2\/users\/1385"}],"replies":[{"embeddable":true,"href":"https:\/\/staging.ivg.it\/ediapi\/wp\/v2\/comments?post=51456"}],"version-history":[{"count":0,"href":"https:\/\/staging.ivg.it\/ediapi\/wp\/v2\/posts\/51456\/revisions"}],"wp:attachment":[{"href":"https:\/\/staging.ivg.it\/ediapi\/wp\/v2\/media?parent=51456"}],"wp:term":[{"taxonomy":"category","embeddable":true,"href":"https:\/\/staging.ivg.it\/ediapi\/wp\/v2\/categories?post=51456"},{"taxonomy":"post_tag","embeddable":true,"href":"https:\/\/staging.ivg.it\/ediapi\/wp\/v2\/tags?post=51456"}],"curies":[{"name":"wp","href":"https:\/\/api.w.org\/{rel}","templated":true}]}}