{"id":514523,"date":"2020-12-16T20:47:45","date_gmt":"2020-12-16T19:47:45","guid":{"rendered":"http:\/\/www.ivg.it\/?p=514523"},"modified":"2020-12-16T21:59:58","modified_gmt":"2020-12-16T20:59:58","slug":"pochi-ospiti-immobile-da-ristrutturare-e-gestione-economica-difficile-chiude-la-casa-di-risposo-san-giuseppe-di-valleggia","status":"publish","type":"post","link":"https:\/\/staging.ivg.it\/2020\/12\/pochi-ospiti-immobile-da-ristrutturare-e-gestione-economica-difficile-chiude-la-casa-di-risposo-san-giuseppe-di-valleggia\/","title":{"rendered":"Pochi ospiti, immobile da ristrutturare e gestione economica difficile: chiude la casa di risposo &#8220;San Giuseppe&#8221; di Valleggia"},"content":{"rendered":"<p><strong>Quiliano<\/strong>. Il 28 febbraio 2021 la casa di riposo \u201cSan Giuseppe\u201d di Valleggia a Quiliano interromper\u00e0 i servizi di accoglienza ed assistenza ai propri ospiti. Ad annunciare la decisione del consiglio di amministrazione, in una lettera inviata alle famiglie, al personale, ai sindacati, al sindaco e all&#8217;assessore ai servizi sociali e al direttore dell&#8217;Asl2 savonese, \u00e8 il legale rappresentante della struttura e parroco della chiesa del Santissimo Salvatore don Michele Farina.<\/p>\n<p>Di recente il consiglio dell&#8217;ente, insieme ai propri consulenti, ha effettuato alcune valutazioni rispetto alla situazione economica e gestionale della struttura. Don Farina ricorda che \u201cera nota, per aver costituito oggetto dei precedenti confronti e colloqui, la situazione di squilibrio economico e finanziario, gi\u00e0 presente nel 2018 al momento dell&#8217;insediamento dell&#8217;attuale consiglio di amministrazione, e che si \u00e8 deteriorata nel corso dell&#8217;ultimo anno, complice il ridursi degli ospiti della struttura a causa della pandemia da Covid 19 che ha interessato, seppur meno di altre case di riposo, anche la nostra\u201d.<\/p>\n<p>\u201cNonostante fossero evidenti i segnali del progressivo venir meno della sostenibilit\u00e0 economica della gestione della struttura il consiglio dell&#8217;ente aveva, in ogni caso, valutato di non andare a modificare in modo significativo l&#8217;ammontare degli importi versati da ciascun ospite, storicamente inferiori in misura molto importante rispetto ai livelli tariffari praticati dalle strutture analoghe alla nostra, presenti sul territorio, e questo per un senso di responsabilit\u00e0 e di rispetto nei confronti delle famiglie degli ospiti e nello spirito di solidariet\u00e0 sociale voluto dal fondatore della casa di riposo Don Angelo Genta. Ricorrendo a forme di prestito e sovvenzioni da parte di enti terzi, la casa di riposo San Giuseppe \u00e8 riuscita a garantire, in questo difficile anno 2020, la gestione della struttura nella sua interezza, continuando a rendere un servizio non solo agli ospiti ma all&#8217;intera comunit\u00e0 quilianese\u201d.<\/p>\n<p>\u201cIn ogni caso, nella consapevolezza della non sostenibilit\u00e0 della situazione economico finanziaria e della necessit\u00e0 di intraprendere importanti e insostenibili opere di ristrutturazione dell&#8217;immobile dettate dalle attuali normative, a partire dal mese di luglio 2020 \u00e8 stata intrapresa una seria ed approfondita indagine di mercato volta a rinvenire un soggetto interessato ad assumere la gestione della struttura a fronte anche di un correlato investimento nelle dotazioni strumentali ed impiantistiche dell&#8217;immobile. Sono state interessate una decina di imprese, sia del territorio che provenienti da altre realt\u00e0 nazionali, appartenenti al mondo cooperativo cos\u00ec come realt\u00e0 private specializzate nel settore dell&#8217;ospitalit\u00e0 a favore degli anziani. Nel corso dei mesi scorsi si sono, quindi, tenuti incontri e momenti di confronto con gli operatori che hanno manifestato un preliminare interesse per l&#8217;assunzione della gestione della struttura, interesse che, per\u00f2, dopo alcune accurate analisi, non si \u00e8 concretizzato nella presentazione di alcuna vera e propria offerta\u201d.<\/p>\n<p>\u201cLe ragioni sottese a questo venir meno dell&#8217;interesse possono sinteticamente essere riassunte nella non sostenibilit\u00e0, gi\u00e0 sul breve periodo, di una gestione economica e finanziaria con un numero di ospiti gi\u00e0 esiguo e che avrebbe dovuto, molto probabilmente, essere ulteriormente ridotto onde consentire sia l&#8217;esecuzione di alcune opere di miglioria sia il raggiungimento di alcuni standard fissati dalla vigente disciplina regionale di settore\u201d.<\/p>\n<p>\u201cIn ragione di tale esito negativo dell&#8217;approfondita indagine di mercato e del riscontro negativo ricevuto dagli operatori economici coinvolti, il consiglio di amministrazione della casa di riposo &#8216;San Giuseppe&#8217; \u00e8 giunto alla dolorosa decisione di dover interrompere il servizio di accoglienza ed assistenza ai propri ospiti e ci\u00f2 a decorrere dal prossimo 28 febbraio 2021. L&#8217;ente erogher\u00e0 il servizio senza alcuna riduzione qualitativa fino alla predetta data, cooperando con tutte le famiglie degli ospiti e con l&#8217;amministrazione comunale nelle loro attivit\u00e0 di individuazione, nelle more, della struttura pi\u00f9 adatta ad accogliere i nostri attuali utenti per il tempo a venire.\u201d<\/p>\n<p>Gi\u00e0 nei prossimi mesi la casa di riposo \u201caprir\u00e0 un tavolo di lavoro e di confronto con le maestranze e le organizzazioni sindacali e, altres\u00ec, con i collaboratori esterni al fine di rendere il meno complicato possibile il percorso di risoluzione dei rapporti di lavoro e professionali in essere. L&#8217;intero consiglio intende ringraziare, in questo momento comunque triste e doloroso, tutti gli ospiti e le loro famiglie per la fiducia accordata in tutti questi anni alla nostra struttura e, altres\u00ec, il personale tutto che, con dedizione e seriet\u00e0, ha svolto con professionalit\u00e0 i propri compiti, ancor pi\u00f9 in questo difficile frangente\u201d.<\/p>\n","protected":false},"excerpt":{"rendered":"<p>Il 28 febbraio 2021 interromper\u00e0 i servizi di accoglienza ed assistenza ai propri ospiti<\/p>\n","protected":false},"author":12120,"featured_media":0,"comment_status":"open","ping_status":"closed","sticky":false,"template":"","format":"standard","meta":{"footnotes":""},"categories":[45296,34],"tags":[],"class_list":["post-514523","post","type-post","status-publish","format-standard","hentry","category-copertina","category-cronaca","post_cat_citta-quiliano","post_tag_personaggi-don-michele-farina"],"amp_validity":null,"amp_enabled":true,"_links":{"self":[{"href":"https:\/\/staging.ivg.it\/ediapi\/wp\/v2\/posts\/514523","targetHints":{"allow":["GET"]}}],"collection":[{"href":"https:\/\/staging.ivg.it\/ediapi\/wp\/v2\/posts"}],"about":[{"href":"https:\/\/staging.ivg.it\/ediapi\/wp\/v2\/types\/post"}],"author":[{"embeddable":true,"href":"https:\/\/staging.ivg.it\/ediapi\/wp\/v2\/users\/12120"}],"replies":[{"embeddable":true,"href":"https:\/\/staging.ivg.it\/ediapi\/wp\/v2\/comments?post=514523"}],"version-history":[{"count":0,"href":"https:\/\/staging.ivg.it\/ediapi\/wp\/v2\/posts\/514523\/revisions"}],"wp:attachment":[{"href":"https:\/\/staging.ivg.it\/ediapi\/wp\/v2\/media?parent=514523"}],"wp:term":[{"taxonomy":"category","embeddable":true,"href":"https:\/\/staging.ivg.it\/ediapi\/wp\/v2\/categories?post=514523"},{"taxonomy":"post_tag","embeddable":true,"href":"https:\/\/staging.ivg.it\/ediapi\/wp\/v2\/tags?post=514523"}],"curies":[{"name":"wp","href":"https:\/\/api.w.org\/{rel}","templated":true}]}}