{"id":514322,"date":"2020-12-14T16:26:18","date_gmt":"2020-12-14T15:26:18","guid":{"rendered":"http:\/\/www.ivg.it\/?p=514322"},"modified":"2020-12-14T16:26:18","modified_gmt":"2020-12-14T15:26:18","slug":"cairo-la-richiesta-della-minoranza-nessuna-sanzione-per-chi-paga-limu-in-ritardo","status":"publish","type":"post","link":"https:\/\/staging.ivg.it\/2020\/12\/cairo-la-richiesta-della-minoranza-nessuna-sanzione-per-chi-paga-limu-in-ritardo\/","title":{"rendered":"Cairo, la richiesta della minoranza: &#8220;Nessuna sanzione per chi paga l&#8217;Imu in ritardo&#8221;"},"content":{"rendered":"<p><strong>Cairo Montenotte<\/strong>. Non applicare le sanzioni per il tardivo pagamento dell&#8217;Imu, se questo avverr\u00e0 entro cinque giorni dalla data di scadenza. E&#8217; questa la richiesta contenuta nella mozione che i consiglieri di Cairo Democratica Giorgia Ferrari, Matteo Pennino, Alberto Poggio, Nicol\u00f2 Lovanio e Silvano Nervi hanno presentato alla maggioranza del sindaco Paolo Lambertini.<\/p>\n<p>\u201cIl 16 dicembre 2020 scade, per la generalit\u00e0 dei contribuenti, il termine per versare il saldo IMU del 2020 \u2013 ricordano i consiglieri \u2013 Il modello di pagamento F24, oltre alla presentazione telematica, pu\u00f2 essere presentato de visu agli sportelli bancari\u201d.<\/p>\n<p>\u201cMolti istituti di credito, a causa dell\u2019emergenza Covid, hanno fortemente ridotto gli orari di apertura al pubblico e in alcuni casi l\u2019accesso \u00e8 consentito solo previo appuntamento telefonico. Per questo motivo, soprattutto per le persone pi\u00f9 anziane \u00e8 molto pi\u00f9 difficoltoso rispettare la scadenza richiamata nelle premesse\u201d.<\/p>\n<p>Da qui la richiesta di concedere una \u201cdilazione\u201d e di concedere altri cinque giorni di tempo per il saldo di quanto dovuto.<\/p>\n","protected":false},"excerpt":{"rendered":"<p>Entro un massimo di cinque giorni dopo la scadenza<\/p>\n","protected":false},"author":12120,"featured_media":0,"comment_status":"open","ping_status":"closed","sticky":false,"template":"","format":"standard","meta":{"footnotes":""},"categories":[35],"tags":[98386,37590],"class_list":["post-514322","post","type-post","status-publish","format-standard","hentry","category-economia","tag-cairo-democratica","tag-imu","post_cat_citta-cairo-montenotte","post_tag_personaggi-alberto-poggio","post_tag_personaggi-giorgia-ferrari","post_tag_personaggi-matteo-pennino","post_tag_personaggi-nicolo-lovanio","post_tag_personaggi-paolo-lambertini","post_tag_personaggi-silvano-nervi"],"amp_validity":null,"amp_enabled":true,"_links":{"self":[{"href":"https:\/\/staging.ivg.it\/ediapi\/wp\/v2\/posts\/514322","targetHints":{"allow":["GET"]}}],"collection":[{"href":"https:\/\/staging.ivg.it\/ediapi\/wp\/v2\/posts"}],"about":[{"href":"https:\/\/staging.ivg.it\/ediapi\/wp\/v2\/types\/post"}],"author":[{"embeddable":true,"href":"https:\/\/staging.ivg.it\/ediapi\/wp\/v2\/users\/12120"}],"replies":[{"embeddable":true,"href":"https:\/\/staging.ivg.it\/ediapi\/wp\/v2\/comments?post=514322"}],"version-history":[{"count":0,"href":"https:\/\/staging.ivg.it\/ediapi\/wp\/v2\/posts\/514322\/revisions"}],"wp:attachment":[{"href":"https:\/\/staging.ivg.it\/ediapi\/wp\/v2\/media?parent=514322"}],"wp:term":[{"taxonomy":"category","embeddable":true,"href":"https:\/\/staging.ivg.it\/ediapi\/wp\/v2\/categories?post=514322"},{"taxonomy":"post_tag","embeddable":true,"href":"https:\/\/staging.ivg.it\/ediapi\/wp\/v2\/tags?post=514322"}],"curies":[{"name":"wp","href":"https:\/\/api.w.org\/{rel}","templated":true}]}}