{"id":514168,"date":"2020-12-11T14:59:51","date_gmt":"2020-12-11T13:59:51","guid":{"rendered":"http:\/\/www.ivg.it\/?p=514168"},"modified":"2020-12-11T16:12:07","modified_gmt":"2020-12-11T15:12:07","slug":"il-quiliano-volley-sullo-stop-sforzo-per-allenamenti-in-sicurezza-vanificato-dallultima-nota-federale","status":"publish","type":"post","link":"https:\/\/staging.ivg.it\/2020\/12\/il-quiliano-volley-sullo-stop-sforzo-per-allenamenti-in-sicurezza-vanificato-dallultima-nota-federale\/","title":{"rendered":"Il Quiliano Volley sullo stop: &#8220;Sforzo per allenamenti in sicurezza vanificato dall&#8217;ultima nota federale&#8221;"},"content":{"rendered":"<p><strong>Il cinque dicembre scorso \u00e8 sceso il gelo tra i dirigenti della sezione &#8220;volley&#8221; della Polisportiva Quiliano e non solo. Nulla a che vedere per\u00f2 con le abbondanti nevicate che hanno imbiancato le nostre zone. La &#8220;colpa&#8221; \u00e8 della nota federale che ha imposto lo stop degli allenamenti di pallavolo fino al 15 gennaio<\/strong>.\u00a0Perch\u00e9 in zona &#8220;arancione&#8221; era possibile allenarsi e ora che la Liguria \u00e8 nuovamente tra le regioni &#8220;gialle&#8221; arriva lo stop? La contraddizione pare abbastanza evidente, ma non \u00e8 tanto questo il rammarico del sodalizio biancorosso. <strong>&#8220;In questi mesi abbiamo compiuto uno sforzo importante per far proseguire l&#8217;attivit\u00e0 e facciamo fatica a capire la ratio di questa decisione che manda all&#8217;aria tutto il lavoro svolto&#8221;, fanno sapere i dirigenti del Quiliano<\/strong>.<\/p>\n<p>Una palestra tappezzata di cartellonistica informativa sulle buone pratiche per proteggersi dal contagio, formazione dei dirigenti e creazione del punto riservato al covid manager e uno sforzo importante in termini economici e di energie per far proseguire l&#8217;attivit\u00e0 delle categorie under 15, 17 e 19 rispettando tutti i punti previsti dai protocolli. Oltre a questo, il tentativo di non recidere il legame con ragazze e ragazzi della S3, dell&#8217;under 12 e della Serie D predisponendo uno spazio all&#8217;aperto. <strong>&#8220;Economicamente non ne vale la pena &#8211; sottolinea la societ\u00e0 -ma siamo ripagati dalla felicit\u00e0 degli atleti per i quali lo sport rappresenta un momento di svago importante in questo periodo difficile oltre a far bene dal punto di vista fisico&#8221;<\/strong>. Un lavoro importante per una societ\u00e0 dilettantistica svolto in concerto con il Comune e con l&#8217;istituto comprensivo di Quiliano. <strong>&#8220;Abbiamo apprezzato il lavoro dell&#8217;amministrazione, della Federazione che ci ha fornito le linee guida e ringraziamo la dirigente dell&#8217;Ic di Quiliano, con la quale collaboriamo per quanto concerne la gestione e la sanificazione della palestra&#8221;<\/strong>. Tutto ci\u00f2, almeno per un mese, non sar\u00e0 pi\u00f9 consentito.<\/p>\n<p>Una possibile spiegazione a questo dietrofront \u00e8 stata data senza troppi giri di parole dall&#8217;Albisola Pallavolo tramite un comunicato stampa: &#8220;<strong>Nei mesi scorsi la FIPAV aveva interpretato le disposizioni legislative considerando anche le categorie regionali e territoriali e tutti i settori giovanili (salvo S3 e Under 12) come di interesse nazionale. Questa interpretazione, anche adottata da altre Federazioni sportive, ha creato malumore in diversi enti sportivi e pare che tale malcontento, manifestato al CONI, al Ministero della Salute ed al Dipartimento dello Sport, abbia portato alla emanata restrizione\u201d.<\/strong><\/p>\n<p>&nbsp;<\/p>\n<p>&nbsp;<\/p>\n","protected":false},"excerpt":{"rendered":"<p>Rammarico e perplessit\u00e0 sulla nota federale che ferma gli allenamenti del volley a dispetto del lavoro organizzativo messo in campo in questi mesi<\/p>\n","protected":false},"author":19664,"featured_media":0,"comment_status":"open","ping_status":"closed","sticky":false,"template":"","format":"standard","meta":{"footnotes":""},"categories":[45296,399,134,32],"tags":[16710],"class_list":["post-514168","post","type-post","status-publish","format-standard","hentry","category-copertina","category-pallavolo","category-rank","category-sport","tag-quiliano-volley","post_cat_citta-quiliano"],"amp_validity":null,"amp_enabled":true,"_links":{"self":[{"href":"https:\/\/staging.ivg.it\/ediapi\/wp\/v2\/posts\/514168","targetHints":{"allow":["GET"]}}],"collection":[{"href":"https:\/\/staging.ivg.it\/ediapi\/wp\/v2\/posts"}],"about":[{"href":"https:\/\/staging.ivg.it\/ediapi\/wp\/v2\/types\/post"}],"author":[{"embeddable":true,"href":"https:\/\/staging.ivg.it\/ediapi\/wp\/v2\/users\/19664"}],"replies":[{"embeddable":true,"href":"https:\/\/staging.ivg.it\/ediapi\/wp\/v2\/comments?post=514168"}],"version-history":[{"count":0,"href":"https:\/\/staging.ivg.it\/ediapi\/wp\/v2\/posts\/514168\/revisions"}],"wp:attachment":[{"href":"https:\/\/staging.ivg.it\/ediapi\/wp\/v2\/media?parent=514168"}],"wp:term":[{"taxonomy":"category","embeddable":true,"href":"https:\/\/staging.ivg.it\/ediapi\/wp\/v2\/categories?post=514168"},{"taxonomy":"post_tag","embeddable":true,"href":"https:\/\/staging.ivg.it\/ediapi\/wp\/v2\/tags?post=514168"}],"curies":[{"name":"wp","href":"https:\/\/api.w.org\/{rel}","templated":true}]}}