{"id":514008,"date":"2020-12-09T17:22:49","date_gmt":"2020-12-09T16:22:49","guid":{"rendered":"http:\/\/www.ivg.it\/?p=514008"},"modified":"2020-12-09T17:39:04","modified_gmt":"2020-12-09T16:39:04","slug":"carcere-olivieri-e-vazio-chiamano-a-raccolta-sindaci-e-parlamentari-savonesi-elaboriamo-una-proposta-unitaria-da-inviare-al-ministero","status":"publish","type":"post","link":"https:\/\/staging.ivg.it\/2020\/12\/carcere-olivieri-e-vazio-chiamano-a-raccolta-sindaci-e-parlamentari-savonesi-elaboriamo-una-proposta-unitaria-da-inviare-al-ministero\/","title":{"rendered":"Carcere, Olivieri e Vazio chiamano a raccolta sindaci e parlamentari savonesi: &#8220;Elaboriamo una proposta unitaria da inviare al ministero&#8221;"},"content":{"rendered":"<p><strong>Savona<\/strong>. I sindaci e i parlamentari della provincia di Savona sono stati convocati per venerd\u00ec 11 dicembre alle 12 in videoconferenza dal presidente della Provincia Pierangelo Olivieri per discutere e costruire una proposta comune sul nuovo carcere.<\/p>\n<p>&#8220;Come concordato con il vice presidente della commissione giustizia, Franco Vazio, con la presente sono a proporre di incontrarci venerd\u00ec 11 dicembre 2020 alle 12 in videoconferenza per confrontarci sul tema della casa circondariale-penitenziario provincia di Savona&#8221;, \u00e8 l&#8217;invito rivolto da Olivieri.<\/p>\n<p>Dopo le polemiche dei giorni scorsi entra quindi nel nel vivo, e con un&#8217;accelerazione, l&#8217;annosa e intricata vicenda della costruzione di un nuovo carcere.<\/p>\n<p>Dallo scambio di telefonate tra il presidente Olivieri e l&#8217;onorevole Franco Vazio che aveva informato di &#8220;aver sentito il ministero e il dipartimento dell&#8217;amministrazione penitenziaria e posso confermare che la volont\u00e0 di costruire il nuovo carcere \u00e8 reale: ci sono i soldi e c&#8217;\u00e8 la volont\u00e0 politica&#8221;, si \u00e8 arrivati ad un fatto concreto e alla convocazione, dalla quale potrebbe emergere finalmente la volont\u00e0 e una proposta comune, abbandonando le polemiche e le contrapposizioni che hanno impedito fino ad oggi una soluzione. Una &#8220;proposta unitaria da sottoporre al ministero&#8221;, come ha sottolineato lo stesso Vazio che con l&#8217;accettazione della sua proposta di istituire un tavolo fa fare un passo avanti alla vicenda carcere.<\/p>\n<p>&#8220;Un tavolo \u2013 spiega Vazio \u2013 al quale senza distinzioni per appartenenze politiche, i rappresentanti delle istituzioni e delle nostre comunit\u00e0 possano finalmente chiudere questo percorso. La casa circondariale Sant&#8217;agostino, in pieno centro a Savona, chiusa dalla fine del 2015 era una struttura fatiscente e inadeguata agli standard di una struttura carceraria moderna, sia per i detenuti, che per la polizia penitenziaria e sin dal 2003 si sono rincorsi studi di fattibilit\u00e0 e valutazioni per l&#8217;individuazione di un&#8217;area dove potr\u00e0 essere costruito un nuovo complesso&#8221;.<\/p>\n<p>Ora potrebbe essere la volta buona per passare dalle parole ai fatti.<\/p>\n","protected":false},"excerpt":{"rendered":"<p>Secondo l&#8217;onorevole nel governo &#8220;la volont\u00e0 di costruire il nuovo carcere \u00e8 reale: ci sono i soldi e c&#8217;\u00e8 la volont\u00e0 politica&#8221;<\/p>\n","protected":false},"author":12120,"featured_media":0,"comment_status":"open","ping_status":"closed","sticky":false,"template":"","format":"standard","meta":{"footnotes":""},"categories":[45296,31],"tags":[77062,375],"class_list":["post-514008","post","type-post","status-publish","format-standard","hentry","category-copertina","category-politica","tag-chiusura-carcere-savona","tag-provincia","post_tag_personaggi-franco-vazio","post_tag_personaggi-pierangelo-olivieri"],"amp_validity":null,"amp_enabled":true,"_links":{"self":[{"href":"https:\/\/staging.ivg.it\/ediapi\/wp\/v2\/posts\/514008","targetHints":{"allow":["GET"]}}],"collection":[{"href":"https:\/\/staging.ivg.it\/ediapi\/wp\/v2\/posts"}],"about":[{"href":"https:\/\/staging.ivg.it\/ediapi\/wp\/v2\/types\/post"}],"author":[{"embeddable":true,"href":"https:\/\/staging.ivg.it\/ediapi\/wp\/v2\/users\/12120"}],"replies":[{"embeddable":true,"href":"https:\/\/staging.ivg.it\/ediapi\/wp\/v2\/comments?post=514008"}],"version-history":[{"count":0,"href":"https:\/\/staging.ivg.it\/ediapi\/wp\/v2\/posts\/514008\/revisions"}],"wp:attachment":[{"href":"https:\/\/staging.ivg.it\/ediapi\/wp\/v2\/media?parent=514008"}],"wp:term":[{"taxonomy":"category","embeddable":true,"href":"https:\/\/staging.ivg.it\/ediapi\/wp\/v2\/categories?post=514008"},{"taxonomy":"post_tag","embeddable":true,"href":"https:\/\/staging.ivg.it\/ediapi\/wp\/v2\/tags?post=514008"}],"curies":[{"name":"wp","href":"https:\/\/api.w.org\/{rel}","templated":true}]}}