{"id":513875,"date":"2020-12-07T16:58:44","date_gmt":"2020-12-07T15:58:44","guid":{"rendered":"http:\/\/www.ivg.it\/?p=513875"},"modified":"2020-12-07T17:26:51","modified_gmt":"2020-12-07T16:26:51","slug":"ordinanza-anti-migranti-la-cassazione-conferma-la-condanna-per-lex-sindaco-canepa","status":"publish","type":"post","link":"https:\/\/staging.ivg.it\/2020\/12\/ordinanza-anti-migranti-la-cassazione-conferma-la-condanna-per-lex-sindaco-canepa\/","title":{"rendered":"Ordinanza &#8220;anti migranti&#8221;, la Cassazione conferma la condanna per l&#8217;ex sindaco Canepa"},"content":{"rendered":"<p><strong>Alassio.<\/strong>\u00a0<strong>La Corte di Cassazione ha confermato la condanna all&#8217;ex sindaco di Alassio Enzo Canepa per la cosiddetta ordinanza &#8220;anti migranti&#8221;<\/strong>. La sentenza \u00e8 arrivata dopo l&#8217;udienza che si \u00e8 svolta il 4 dicembre.<\/p>\n<p>Cos\u00ec, dopo la colpevolezza emessa dal Tribunale di Savona (con una condanna di 4mila euro di multa emessa dal giudice Francesco Giannone) e successivamente dalla Corte d&#8217;Appello di Genova, anche <strong>la Cassazione ha ribadito quanto stabilito nei due precedenti gradi di giudizio<\/strong>.<\/p>\n<p>L&#8217;ex sindaco Canepa, finito nella <strong>bufera mediatica per il provvedimento adottato durante il suo mandato da primo cittadino<\/strong>, era arrivato a giudizio dopo essersi opposto al decreto penale di condanna emesso dal giudice per le indagini preliminari del Tribunale di Savona.<\/p>\n<p>L&#8217;<strong>ordinanza<\/strong> del Comune alassino era stata poi<strong> annullata dal Tribunale civile di Genova<\/strong>.<\/p>\n<p>Rammarico, amarezza e delusione per <strong>Enzo Canepa, che ha cos\u00ec commentato<\/strong> la sentenza della Cassazione: &#8220;<strong>Ribadisco che l\u2019ordinanza in questione non aveva alcun intento discriminatorio n\u00e9 tantomeno razzista<\/strong>, bens\u00ec aveva lo scopo di tutelare i cittadini di Alassio: l&#8217;ordinanza era stata emessa a tutela della comunit\u00e0 alassina e nell&#8217;interesse della salute pubblica, considerando alcuni casi di scabbia e forme di broncopolmoniti virali presenti nel ponente ligure&#8221;.<\/p>\n<p>&#8220;Nel merito, anche nel procedimento in Appello<strong> il pubblico ministero aveva riconosciuto che nell&#8217;ordinanza non c&#8217;era alcuna intenzione di dolo o sfondo razzista<\/strong>&#8220;.<\/p>\n<p>&#8220;Ora <strong>attendo di conoscere le motivazioni della sentenza<\/strong> per commentare in maniera pi\u00f9 dettagliata e approfondita&#8221; ha concluso l&#8217;ex primo cittadino e attuale consigliere di minoranza ad Alassio. <\/p>\n<p><strong>A difesa di Enzo Canpea era sceso in campo nei giorni scorsi anche l&#8217;attuale capogruppo in Consiglio regionale di Cambiamo Angelo Vaccarezza<\/strong>: &#8220;L\u2019urgenza dell&#8217;atto, era stata determinata dalla richiesta della Prefettura alle Forze dell\u2019Ordine dell\u2019elenco degli alberghi dismessi con l\u2019intenzione di requisirli (6 strutture in zona centrale) da destinare all&#8217;accoglienza. Enzo Canepa, per aver cercato di tutelare i suoi concittadini, \u00e8 stato condannato in primo grado dal Tribunale di Savona al pagamento di 4mila euro di multa, e in secondo grado dalla Corte d\u2019Appello di Genova. <strong>Lo difesi allora e, con ancora pi\u00f9 convinzione lo faccio adesso<\/strong>&#8220;.<\/p>\n<p>&#8220;Il panorama dell&#8217;attuale<strong> situazione sanitaria<\/strong> \u00e8 preoccupante da mesi, stiamo combattendo una guerra difficile, complessa, che si trasciner\u00e0 dietro conseguenze che forse nemmeno immaginiamo&#8221;.<\/p>\n<p>&#8220;Ho fatto il sindaco per tanti anni, e so quanto difficile possa essere il compito degli amministratori: sempre in prima linea, con responsabilit\u00e0, affrontando i problemi delle comunit\u00e0, spesso con risorse assolutamente non commisurate alle effettive necessit\u00e0, carenza di organico e ostaggi della burocrazia. Garantire servizi ai cittadini significa anche e soprattutto tutelare la loro salute ed Enzo cos\u00ec ha fatto&#8221;.<\/p>\n<p>&#8220;<strong>Enzo non ha mai, nella sua storia personale e politica, adottato misure e \/o comportamenti discriminanti nei confronti di persone provenienti da altri paesi<\/strong>&#8220;.<\/p>\n<p>&#8220;La storia recente ci ha insegnato, (o almeno avrebbe dovuto farlo) che le <strong>misure di tutela della salute devono riguardare tutti in egual misura.<\/strong> Pieno diritto che chi vuol vivere qui, proveniendo da un&#8217;altra realt\u00e0 possa farlo, rispettando per\u00f2 tutte le norme, anche quella sanitarie, come facciamo noi. Non la considero un&#8217;idea folle, ma un procedimento di buon senso per tutti&#8221; ha concluso Vaccarezza.<\/p>\n","protected":false},"excerpt":{"rendered":"<p>L&#8217;ex primo cittadino ribadisce ancora la sua linea: &#8220;Nessun intento discriminatorio n\u00e9 tantomeno razzista&#8221;<\/p>\n","protected":false},"author":4,"featured_media":0,"comment_status":"open","ping_status":"closed","sticky":false,"template":"","format":"standard","meta":{"footnotes":""},"categories":[45296,34,31],"tags":[4459,99430],"class_list":["post-513875","post","type-post","status-publish","format-standard","hentry","category-copertina","category-cronaca","category-politica","tag-cassazione","tag-ordinanza-anti-migranti","post_cat_citta-alassio","post_tag_personaggi-angelo-vaccarezza","post_tag_personaggi-enzo-canepa-2"],"amp_validity":null,"amp_enabled":true,"_links":{"self":[{"href":"https:\/\/staging.ivg.it\/ediapi\/wp\/v2\/posts\/513875","targetHints":{"allow":["GET"]}}],"collection":[{"href":"https:\/\/staging.ivg.it\/ediapi\/wp\/v2\/posts"}],"about":[{"href":"https:\/\/staging.ivg.it\/ediapi\/wp\/v2\/types\/post"}],"author":[{"embeddable":true,"href":"https:\/\/staging.ivg.it\/ediapi\/wp\/v2\/users\/4"}],"replies":[{"embeddable":true,"href":"https:\/\/staging.ivg.it\/ediapi\/wp\/v2\/comments?post=513875"}],"version-history":[{"count":0,"href":"https:\/\/staging.ivg.it\/ediapi\/wp\/v2\/posts\/513875\/revisions"}],"wp:attachment":[{"href":"https:\/\/staging.ivg.it\/ediapi\/wp\/v2\/media?parent=513875"}],"wp:term":[{"taxonomy":"category","embeddable":true,"href":"https:\/\/staging.ivg.it\/ediapi\/wp\/v2\/categories?post=513875"},{"taxonomy":"post_tag","embeddable":true,"href":"https:\/\/staging.ivg.it\/ediapi\/wp\/v2\/tags?post=513875"}],"curies":[{"name":"wp","href":"https:\/\/api.w.org\/{rel}","templated":true}]}}