{"id":513753,"date":"2020-12-06T07:41:46","date_gmt":"2020-12-06T06:41:46","guid":{"rendered":"http:\/\/www.ivg.it\/?p=513753"},"modified":"2020-12-06T09:11:46","modified_gmt":"2020-12-06T08:11:46","slug":"covid-toti-epidemia-in-decrescita-spero-in-un-ripensamento-sui-provvedimenti-per-natale","status":"publish","type":"post","link":"https:\/\/staging.ivg.it\/2020\/12\/covid-toti-epidemia-in-decrescita-spero-in-un-ripensamento-sui-provvedimenti-per-natale\/","title":{"rendered":"Covid, Toti: &#8220;Epidemia in decrescita, spero in un ripensamento sui provvedimenti per Natale&#8221;"},"content":{"rendered":"<p><strong>Liguria.<\/strong> &#8220;I nostri sanitari e i numeri ci consegnano la fotografia di un&#8217;epidemia in decrescita in tutta la regione. E&#8217; un grande merito che tutti noi dobbiamo rivendicare, frutto dell&#8217;impegno di tutti a seguire le regole e soprattutto dell&#8217;impegno delle categorie economiche come ristoratori e bar che sono stati molto penalizzati dalle chiusure e che, in queste vacanze di Natale, ritengo dovrebbero avere un po&#8217; pi\u00f9 di fiato, almeno in quei territori dove il virus puo&#8217; permetterlo&#8221;. Lo ha ribadito il presidente di Regione Liguria Giovanni Toti nel corso del consueto punto sul Covid.<\/p>\n<p>&#8220;La Banca Centrale Europea ha lanciato un allarme per tutte quelle persone che non riescono pi\u00f9 a pagare il mutuo \u2013 ha continuato Toti &#8211; Non vorrei che qualcuno si scordasse delle mie parole. E&#8217; vero che in questo momento ci sono ancora purtroppo tanti morti e che bisogna ancora essere attenti e prudenti ma a marzo e aprile quando il Covid sar\u00e0 finito e la nostra economia sar\u00e0 in ginocchio non vorrei che qualcuno si tirasse fuori da queste responsabilit\u00e0. E&#8217; facile chiudere tutto ma quando tutto questo produrr\u00e0 gli effetti che gli indicatori economici gi\u00e0 ci mostrano, io ricorder\u00f2 che quando si potevano fare scelte anche lievemente diverse si \u00e8 optato per strade pi\u00f9 facili&#8221;.<\/p>\n<p>&#8220;Comunque sono orgoglioso di essere il governatore della Liguria \u2013 ha continuato Toti &#8211; in quanto siamo la migliore seconda regione in Italia per Rt dopo la Sardegna, grazie all&#8217;impegno e alla fatica di tutti i cittadini. Merito anche delle misure prese in anticipo che evidentemente sono state rispettate dalla comunit\u00e0 e che ha portato a questi risultati&#8221;.<\/p>\n<p>Il presidente ha ricordato che &#8220;sono quasi 9000 i tamponi effettuati oggi, tra molecolari e antigenici per 314 positivi, dunque si tratta di numeri abbastanza bassi. Gli isolati a domicilio sono meno 488, per cui tutti i numeri si sono attestati su una decrescita costante del virus. Gli ospedali sono un ulteriore dato che monitoriamo con grande attenzione e ci dicono che oggi siamo sotto la soglia dei 1000 ricoverati. Un dato straordinario e importante: eravamo infatti a 1600 ricoverati e ci stavamo preparando ad avere 2000 posti letto dedicati. Posti che comunque continuiamo a predisporre in caso di necessit\u00e0. Invece abbiamo 21 ricoverati in meno, che \u00e8 comunque un buon dato, considerato che \u00e8 sabato e vi \u00e8 anche una riduzione delle dimissioni nel fine settimana&#8221;.<\/p>\n<p>&#8220;Anche le terapie intensive \u2013 ha detto Toti \u2013 continuano a calare, in sieme alle medie intensit\u00e0 di cura. A questo punto ci auguriamo che calino presto anche i decessi che, per il momento sono ancora alti, essendo ancora molti gli ospedalizzati&#8221;.<\/p>\n<p>&#8220;Si tratta dunque di un quadro abbastanza positivo \u2013 ha aggiunto il presidente \u2013 per questo mi ha fatto impressione che il governo stia predisponendo una macchina di 780.000 agenti a Natale per vigilare affinch\u00e9 qualcuno non vada a trovare i parenti nel comune vicino. Mi lascia molto perplesso tutto ci\u00f2 e penso che gli agenti dovrebbero occuparsi di vigilare dove ci sono assembramenti, ma pensare che qualcuno verr\u00e0 fermato in Val di Vara e in Val Bormida tra un paesino e l&#8217;altro mentre, nella mattina di Natale, sta portando un pandoro alla proprio famiglia mi sembra surreale. In un paese dove la banca Centrale Europe lancia l&#8217;allarme per la paura che tanti italiani non riusciranno pi\u00f9 a pagare mutuo e dove la maggior parte dei cittadini ritiene che i ristori siano largamente insufficienti per vivere. Spero che su questo il governo possa ripensarci&#8221;.<\/p>\n","protected":false},"excerpt":{"rendered":"<p>&#8220;Surreale lo spiegamento di forze dell&#8217;ordine per vigilare sugli spostamenti&#8221;<\/p>\n","protected":false},"author":4,"featured_media":0,"comment_status":"open","ping_status":"closed","sticky":false,"template":"","format":"standard","meta":{"footnotes":""},"categories":[45296,34,35,31],"tags":[115788,295],"class_list":["post-513753","post","type-post","status-publish","format-standard","hentry","category-copertina","category-cronaca","category-economia","category-politica","tag-emergenza-covid","tag-regione","post_tag_personaggi-giovanni-toti"],"amp_validity":null,"amp_enabled":true,"_links":{"self":[{"href":"https:\/\/staging.ivg.it\/ediapi\/wp\/v2\/posts\/513753","targetHints":{"allow":["GET"]}}],"collection":[{"href":"https:\/\/staging.ivg.it\/ediapi\/wp\/v2\/posts"}],"about":[{"href":"https:\/\/staging.ivg.it\/ediapi\/wp\/v2\/types\/post"}],"author":[{"embeddable":true,"href":"https:\/\/staging.ivg.it\/ediapi\/wp\/v2\/users\/4"}],"replies":[{"embeddable":true,"href":"https:\/\/staging.ivg.it\/ediapi\/wp\/v2\/comments?post=513753"}],"version-history":[{"count":0,"href":"https:\/\/staging.ivg.it\/ediapi\/wp\/v2\/posts\/513753\/revisions"}],"wp:attachment":[{"href":"https:\/\/staging.ivg.it\/ediapi\/wp\/v2\/media?parent=513753"}],"wp:term":[{"taxonomy":"category","embeddable":true,"href":"https:\/\/staging.ivg.it\/ediapi\/wp\/v2\/categories?post=513753"},{"taxonomy":"post_tag","embeddable":true,"href":"https:\/\/staging.ivg.it\/ediapi\/wp\/v2\/tags?post=513753"}],"curies":[{"name":"wp","href":"https:\/\/api.w.org\/{rel}","templated":true}]}}