{"id":513688,"date":"2020-12-04T19:03:24","date_gmt":"2020-12-04T18:03:24","guid":{"rendered":"http:\/\/www.ivg.it\/?p=513688"},"modified":"2020-12-04T19:15:13","modified_gmt":"2020-12-04T18:15:13","slug":"savona-in-tilt-due-camion-bloccati-per-guasto-e-perdita-del-carico-pericolo-gelicidio-sulla-a6","status":"publish","type":"post","link":"https:\/\/staging.ivg.it\/2020\/12\/savona-in-tilt-due-camion-bloccati-per-guasto-e-perdita-del-carico-pericolo-gelicidio-sulla-a6\/","title":{"rendered":"Savona in tilt, due camion bloccati per guasto e perdita del carico: pericolo gelicidio sulla A6"},"content":{"rendered":"<p><strong>Savona.<\/strong> La giornata infernale sul fronte della viabilit\u00e0, sia a livello autostradale che sui tratti provinciali e ordinari, ha visto una Savona letteralmente in tilt per due camion rimasti a lungo bloccati.<\/p>\n<p>Il primo episodio si \u00e8 verificato intorno alle 16.00, quando un autoarticolato diretto dal porto verso l&#8217;autostrada ha avuto un guasto meccanico, rimanendo fermo in carreggiata per quasi due ore. Sul posto hanno operato gli agenti della polizia municipale, ma il congestionamento viario ha creato un blocco totale alla circolazione e molti automobilisti sono rimasti imprigionati nelle code.<\/p>\n<p>Solo con l&#8217;intervento di una ditta specializzata \u00e8 stato possibile rimuovere il mezzo pesante e ripristinare la viabilit\u00e0. <\/p>\n<p>Ma i disagi non sono finiti, in quanto intorno alle 18.00 un altro camion \u00e8 rimasto fermo in corso Mazzini a seguito della perdita del carico: si tratta di carbone. Ad ora il tratto risulta ancora bloccato, in attesa dell&#8217;intervento di Ata che dovr\u00e0 rimuovere il materiale che si \u00e8 riversato sulla strada, ripristinando le condizioni di sicurezza. La polizia locale \u00e8 impegnata sul posto.<\/p>\n<p>Il caos viario ha visto inoltre un cumulo di mezzi pesanti nell&#8217;area dell&#8217;autoparco savonese in prossimit\u00e0 di casella, nell&#8217;ambito dell&#8217;azione di filtro esercitata dalla polizia stradale per regolare gli accessi all&#8217;autostrada. Solo con le riaperture della A26 prima e della A6 poco dopo \u00e8 iniziato il lento deflusso dei camion, tuttavia la situazione rimane sotto stretto controllo e monitoraggio anche in relazione alle condizioni meteo della serata e della nottata.<\/p>\n<p>&#8220;A seguito delle copiose nevicate e alla conseguente adozione del codice rosso sulla tratta autostradale A6, che ha comportato l\u2019interdizione al transito dei veicoli pesanti, si comunica che alle ore 16.30 \u00e8 stata riaperta al traffico pesante la suddetta tratta in entrambe le direzioni. Attualmente permangono deboli nevicate nella zona Carr\u00f9-Altare, senza ripercussioni sulla viabilit\u00e0&#8221; afferma Autofiori in merito alla situazione dell&#8217;autostrada Savona-Torino.<\/p>\n<p>In tarda serata e durante la notte sono attesi probabili fenomeni di gelicidio che, se dovessero manifestarsi, comporterebbero una nuova chiusura della tratta autostradale.<\/p>\n","protected":false},"excerpt":{"rendered":"<p>Disagi, code, mezzi bloccati&#8230; Una giornata da dimenticare per i collegamenti stradali e autostradali<\/p>\n","protected":false},"author":4,"featured_media":0,"comment_status":"open","ping_status":"closed","sticky":false,"template":"","format":"standard","meta":{"footnotes":""},"categories":[45296,34],"tags":[16926,7942],"class_list":["post-513688","post","type-post","status-publish","format-standard","hentry","category-copertina","category-cronaca","tag-allerta-neve","tag-emergenza-neve","post_cat_citta-savona"],"amp_validity":null,"amp_enabled":true,"_links":{"self":[{"href":"https:\/\/staging.ivg.it\/ediapi\/wp\/v2\/posts\/513688","targetHints":{"allow":["GET"]}}],"collection":[{"href":"https:\/\/staging.ivg.it\/ediapi\/wp\/v2\/posts"}],"about":[{"href":"https:\/\/staging.ivg.it\/ediapi\/wp\/v2\/types\/post"}],"author":[{"embeddable":true,"href":"https:\/\/staging.ivg.it\/ediapi\/wp\/v2\/users\/4"}],"replies":[{"embeddable":true,"href":"https:\/\/staging.ivg.it\/ediapi\/wp\/v2\/comments?post=513688"}],"version-history":[{"count":0,"href":"https:\/\/staging.ivg.it\/ediapi\/wp\/v2\/posts\/513688\/revisions"}],"wp:attachment":[{"href":"https:\/\/staging.ivg.it\/ediapi\/wp\/v2\/media?parent=513688"}],"wp:term":[{"taxonomy":"category","embeddable":true,"href":"https:\/\/staging.ivg.it\/ediapi\/wp\/v2\/categories?post=513688"},{"taxonomy":"post_tag","embeddable":true,"href":"https:\/\/staging.ivg.it\/ediapi\/wp\/v2\/tags?post=513688"}],"curies":[{"name":"wp","href":"https:\/\/api.w.org\/{rel}","templated":true}]}}