{"id":513630,"date":"2020-12-04T13:01:52","date_gmt":"2020-12-04T12:01:52","guid":{"rendered":"http:\/\/www.ivg.it\/?p=513630"},"modified":"2020-12-04T13:01:52","modified_gmt":"2020-12-04T12:01:52","slug":"confermata-al-20-marzo-2021-lottava-edizione-del-campionato-mondiale-di-pesto-genovese-al-mortaio","status":"publish","type":"post","link":"https:\/\/staging.ivg.it\/2020\/12\/confermata-al-20-marzo-2021-lottava-edizione-del-campionato-mondiale-di-pesto-genovese-al-mortaio\/","title":{"rendered":"Confermata al 20 marzo 2021 l&#8217;ottava edizione del Campionato mondiale di pesto genovese al mortaio"},"content":{"rendered":"<p><strong>Regione<\/strong>. Confermata per sabato 20 marzo 2021 l&#8217;ottava edizione del campionato mondiale di pesto genovese al mortaio. Ad annunciarlo Regione Liguria, Comune di Genova, Camera di Commercio di Genova e associazione Palatifini nel corso della conferenza stampa webinar tenutasi questa mattina nel salone del consiglio della Camera di Commercio di Genova, e trasmessa online.<\/p>\n<p>&#8220;La valorizzazione del territorio, delle imprese locali e delle tradizioni \u00e8 un capitolo strategico per la nostra regione &#8211; dichiara l&#8217;assessore regionale allo sviluppo economico Andrea Benveduti &#8211; Anche quest&#8217;anno abbiamo sostenuto economicamente la promozione dei sapori liguri, di cui il pesto \u00e8 massima espressione, attivando congrue risorse per finanziare iniziative di cooperazione inter-istituzionali mirate alla promozione delle produzioni liguri&#8221;.<\/p>\n<p>Il primo premio della finalissima, che si terr\u00e0 a Palazzo Ducale, sar\u00e0 conteso tra 100 concorrenti che verranno valutati da 30 giudici. &#8220;Non potevamo pensare a una finalissima senza i concorrenti, le giurie, il pubblico, i media e senza la splendida cornice di Palazzo Ducale: per questo l&#8217;abbiamo riprogrammata per marzo 2021. Ci auguriamo che l&#8217;evoluzione della situazione pandemica sia tale da consentirci di mantenere invariata la nostra ricetta, ma siamo anche pronti ad adattarci e innovare come tutti, persone e imprese, abbiamo dovuto fare in questo difficile 2020&#8221; sottolinea il segretario generale della Camera di Commercio di Genova Maurizio Caviglia.<\/p>\n<p>Le attivit\u00e0 collaterali tradizionali, dal &#8220;Campionato dei Bambini&#8221; alla &#8220;Settimana del Pesto&#8221; con i ristoratori, alla didattica con le principali associazioni liguri dell&#8217;agroalimentare, al Pesto Party, sono al momento confermate. A queste si aggiunge una iniziativa del tutto nuova, che parte oggi: il concorso internazionale di cartoon &#8220;Pestochampionship Mascot&#8221; che si pone l&#8217;obiettivo di individuare il testimonial virtuale del Campionato e delle sue iniziative promozionali in Italia e all&#8217;estero. Al concorso, voluto e finanziato dall&#8217;Assessorato al &#8220;Commercio, artigianato, tutela e sviluppo vallate, grandi eventi e centro storico&#8221; del Comune di Genova, potranno partecipare professionisti, dilettanti e appassionati di disegno e grafica di tutto il mondo. Il vincitore verr\u00e0 premiato in occasione della finalissima del 20 marzo 2021.<\/p>\n<p>&#8220;Lanciando l&#8217;idea del concorso \u2013 spiega l&#8217;assessore al commercio e grandi eventi del Comune di Genova Paola Bordilli &#8211; vogliamo dare ulteriore forza alla comunicazione del Campionato del Pesto, un evento che rappresenta senza dubbio un volano di promozione per la citt\u00e0 intera. Il pesto made in Genova e Liguria \u00e8 ormai un consolidato simbolo e ambasciatore della nostra citt\u00e0 nel mondo e quindi pu\u00f2 svolgere il ruolo di trascinatore anche per tutte le eccellenze dell&#8217;agroalimentare del nostro territorio, dalle produzioni tipiche alle lavorazioni di tradizione locale. Con il concorso internazionale per la realizzazione della mascotte del campionato scopriremo cosa rappresenta il pesto anche per chi non \u00e8 genovese ma conosce e ama la salsa cruda pi\u00f9 famosa al mondo. Con questa call auspico che in molti possano esprimere il proprio contributo con l&#8217;orgoglio di vivere da protagonisti una gara di livello qualitativo internazionale, nel migliore spirito del Campionato&#8221;.<\/p>\n<p>Chiude l&#8217;ideatore del Campionato Roberto Panizza: &#8220;Dopo 14 anni e la terribile pandemia da Coronavirus, il Campionato Mondiale di Pesto resta la manifestazione dinamica e vitale che abbiamo voluto e conosciamo. Non \u00e8 nato per fare festa \u2013 anche se \u00e8 una grande festa \u2013 ma per essere il messaggero delle nostre eccellenze nel resto d&#8217;Italia e in giro per il mondo. I dati del nostro &#8216;Osservatorio del Pesto&#8217; dimostrano che in pochi anni la nostra salsa verde si \u00e8 imposta all&#8217;attenzione della comunicazione internazionale e rappresenta uno dei prodotti pi\u00f9 citati a livello mondiale, esaltata, copiata e usata in tantissimi modi, a volte anche stravolta per le variazioni introdotte, ma sempre con un effetto leva positivo per tutti i produttori agroalimentari di qualit\u00e0 del territorio e per la promozione turistica indotta. Anche quest&#8217;anno, se non avremo problemi da pandemia come speriamo, la presenza internazionale sar\u00e0 nutrita con rappresentanti da almeno 15 paesi e campioni che arriveranno da Honolulu fino ai vicoli del Centro Storico.&#8221;.<\/p>\n","protected":false},"excerpt":{"rendered":"<p>&#8220;La valorizzazione del territorio, delle imprese locali e delle tradizioni \u00e8 un capitolo strategico per la nostra regione&#8221;<\/p>\n","protected":false},"author":12120,"featured_media":0,"comment_status":"open","ping_status":"closed","sticky":false,"template":"","format":"standard","meta":{"footnotes":""},"categories":[45296,56],"tags":[83046],"class_list":["post-513630","post","type-post","status-publish","format-standard","hentry","category-copertina","category-altre","tag-pesto-al-mortaio"],"amp_validity":null,"amp_enabled":true,"_links":{"self":[{"href":"https:\/\/staging.ivg.it\/ediapi\/wp\/v2\/posts\/513630","targetHints":{"allow":["GET"]}}],"collection":[{"href":"https:\/\/staging.ivg.it\/ediapi\/wp\/v2\/posts"}],"about":[{"href":"https:\/\/staging.ivg.it\/ediapi\/wp\/v2\/types\/post"}],"author":[{"embeddable":true,"href":"https:\/\/staging.ivg.it\/ediapi\/wp\/v2\/users\/12120"}],"replies":[{"embeddable":true,"href":"https:\/\/staging.ivg.it\/ediapi\/wp\/v2\/comments?post=513630"}],"version-history":[{"count":0,"href":"https:\/\/staging.ivg.it\/ediapi\/wp\/v2\/posts\/513630\/revisions"}],"wp:attachment":[{"href":"https:\/\/staging.ivg.it\/ediapi\/wp\/v2\/media?parent=513630"}],"wp:term":[{"taxonomy":"category","embeddable":true,"href":"https:\/\/staging.ivg.it\/ediapi\/wp\/v2\/categories?post=513630"},{"taxonomy":"post_tag","embeddable":true,"href":"https:\/\/staging.ivg.it\/ediapi\/wp\/v2\/tags?post=513630"}],"curies":[{"name":"wp","href":"https:\/\/api.w.org\/{rel}","templated":true}]}}