{"id":513535,"date":"2020-12-03T16:14:51","date_gmt":"2020-12-03T15:14:51","guid":{"rendered":"http:\/\/www.ivg.it\/?p=513535"},"modified":"2020-12-03T16:15:25","modified_gmt":"2020-12-03T15:15:25","slug":"confartigianato-rinnova-i-vertici-due-rappresentanti-liguri-nella-nuova-squadra-nazionale","status":"publish","type":"post","link":"https:\/\/staging.ivg.it\/2020\/12\/confartigianato-rinnova-i-vertici-due-rappresentanti-liguri-nella-nuova-squadra-nazionale\/","title":{"rendered":"Confartigianato rinnova i vertici, due rappresentanti liguri nella nuova squadra nazionale"},"content":{"rendered":"<p><strong>Liguria.<\/strong> Marco Granelli \u00e8 il nuovo presidente nazionale di Confartigianato Imprese. Giancarlo Grasso e Paolo Figoli, rispettivamente presidente di Confartigianato Liguria e di Confartigianato La Spezia, entrano a far parte della nuova giunta nazionale dell&#8217;associazione, in rappresentanza di circa 15 mila imprese liguri.<\/p>\n<p>Granelli raccoglie il testimone da Giorgio Merletti, che ha guidato la confederazione dal 2012.<\/p>\n<p>Nella squadra del nuovo presidente entrano anche Eugenio Massetti (Lombardia), che sar\u00e0 il vicario, e i vicepresidenti Filippo Ribisi (Sicilia) e Domenico Massimino (Cuneo). Vincenzo Mamoli, a seguito delle dimissioni di Cesare Fumagalli, assume l\u2019incarico di segretario generale.<\/p>\n<p>Nato a Salsomaggiore nel 1962, Granelli \u00e8 un imprenditore artigiano, alla guida Confartigianato Emilia Romagna dal 2009 e vicepresidente vicario di Confartigianato Imprese dal 2012. Eletto questa mattina per acclamazione, sar\u00e0 presidente della maggiore confederazione italiana dell\u2019artigianato e delle piccole imprese fino al 2024.<\/p>\n<p>Confartigianato associa oltre 700 mila imprenditori, organizzati in 118 associazioni territoriali (con 1.200 sedi in tutta Italia), 20 federazioni regionali, 12 federazioni di categoria, 46 associazioni di mestiere.<\/p>\n<p>&#8220;Lavoreremo con ancora maggiore impegno per sostenere tutte le nostre imprese \u2013 commentano Grasso e Figoli \u2013 L&#8217;obiettivo \u00e8 uscire al pi\u00f9 presto da questa crisi e intensificare le azioni per creare un Paese sempre pi\u00f9 a misura di microimpresa: ora pi\u00f9 che mai i nostri artigiani hanno bisogno di un contesto economico che favorisca le loro potenzialit\u00e0, li renda pi\u00f9 competitivi e che soprattutto non vanifichi tutti gli sforzi fatti in questi ultimi mesi&#8221;.<\/p>\n","protected":false},"excerpt":{"rendered":"<p>Grasso e Figoli in giunta, Marco Granelli eletto presidente<\/p>\n","protected":false},"author":17962,"featured_media":0,"comment_status":"open","ping_status":"closed","sticky":false,"template":"","format":"standard","meta":{"footnotes":""},"categories":[45296,35,31],"tags":[19866],"class_list":["post-513535","post","type-post","status-publish","format-standard","hentry","category-copertina","category-economia","category-politica","tag-confartigianato-liguria"],"amp_validity":null,"amp_enabled":true,"_links":{"self":[{"href":"https:\/\/staging.ivg.it\/ediapi\/wp\/v2\/posts\/513535","targetHints":{"allow":["GET"]}}],"collection":[{"href":"https:\/\/staging.ivg.it\/ediapi\/wp\/v2\/posts"}],"about":[{"href":"https:\/\/staging.ivg.it\/ediapi\/wp\/v2\/types\/post"}],"author":[{"embeddable":true,"href":"https:\/\/staging.ivg.it\/ediapi\/wp\/v2\/users\/17962"}],"replies":[{"embeddable":true,"href":"https:\/\/staging.ivg.it\/ediapi\/wp\/v2\/comments?post=513535"}],"version-history":[{"count":0,"href":"https:\/\/staging.ivg.it\/ediapi\/wp\/v2\/posts\/513535\/revisions"}],"wp:attachment":[{"href":"https:\/\/staging.ivg.it\/ediapi\/wp\/v2\/media?parent=513535"}],"wp:term":[{"taxonomy":"category","embeddable":true,"href":"https:\/\/staging.ivg.it\/ediapi\/wp\/v2\/categories?post=513535"},{"taxonomy":"post_tag","embeddable":true,"href":"https:\/\/staging.ivg.it\/ediapi\/wp\/v2\/tags?post=513535"}],"curies":[{"name":"wp","href":"https:\/\/api.w.org\/{rel}","templated":true}]}}