{"id":513399,"date":"2020-12-02T13:08:34","date_gmt":"2020-12-02T12:08:34","guid":{"rendered":"http:\/\/www.ivg.it\/?p=513399"},"modified":"2020-12-02T13:11:16","modified_gmt":"2020-12-02T12:11:16","slug":"pellegrinaggio-ad-andora-delleffige-della-madonna-di-loreto-la-patrona-degli-aeronauti","status":"publish","type":"post","link":"https:\/\/staging.ivg.it\/2020\/12\/pellegrinaggio-ad-andora-delleffige-della-madonna-di-loreto-la-patrona-degli-aeronauti\/","title":{"rendered":"Pellegrinaggio ad Andora dell\u2019effige della Madonna di Loreto, la patrona degli aeronauti"},"content":{"rendered":"<p><strong>Andora.<\/strong> Si \u00e8 chiuso il pellegrinaggio ad Andora dell\u2019effige della Madonna di Loreto, &#8220;Patrona Aeronautarum&#8221;, undicesima tappa del percorso nazionale iniziato nel mese di gennaio in occasione del Giubileo Lauretano, anno giubilare concesso da Papa Francesco nel centenario della proclamazione della Beata Vergine di Loreto quale &#8220;Patrona degli Aeronauti&#8221;.<\/p>\n<p>Un momento di preghiera toccante e suggestivo organizzato dal Comando Aeroporto Cameri in collaborazione con la curia, i reparti dell\u2019Aeronautica Militare del territorio ligure, il Distaccamento Aeronautica Militare Capo Mele, la 115^ Squadriglia Radar Remota e le Associazioni Arma Aeronautica di Andora, Albenga e Imperia.<\/p>\n<p>Cuore del pellegrinaggio andorese, la Santa Messa che si \u00e8 tenuta nella parrocchia del Cuore Immacolato di Maria. L\u2019effige ha fatto ingresso in Chiesa, accolta dal vescovo S.E. Mons. Guglielmo Borghetti ed \u00e8 arrivata all\u2019altare scortata dai militari dell\u2019arma Azzurra. Fra i presenti, il Comandante della 1^ Regione Aerea e Comandante delle Forze di Combattimento di Milano, Generale di Divisione Aerea, Francesco Vestito, il Prefetto di Savona, Antonio Canan\u00e0 che ha scritto un messaggio nel prestigioso registro che accompagna la Madonna di Loreto nel suo pellegrinaggio per l\u2019Italia, il Comandante dell\u2019aeroporto di Cameri Colonnello Marco Mastroberti e il Vice sindaco di Andora, Patrizia Lanfredi.<\/p>\n<p>&#8220;Una cerimonia toccante che ha ricordato a tutti noi gli importanti ideali che guidano l&#8217;operato dell&#8217;Arma Azzurra il cui spirito di servizio e aiuto si ispira anche alla dedizione con cui Maria ha donato se stessa &#8211; ha dichiarato il vice sindaco di Andora, Patrizia Lanfredi &#8211; Siamo grati del grande onore fatto ad Andora con questa celebrazione del Giubileo: un&#8217;occasione per confermare la forte unione fra la nostra Comunit\u00e0 e l&#8217;Aeronautica Militare\u201d<\/p>\n<p>L\u2019effige era arrivata ad Andora nella serata del 30 novembre, nel Distaccamento dell\u2019Aeronautica Militare di Capo Mele.<\/p>\n<p>\u201cIl passaggio della Sacra Effige della Madonna di Loreto ha portato luce nei nostri cuori ed una rinnovata speranza per il prossimo futuro \u2013 ha dichiarato il Tenente Colonnello Giovannelli Comandante del Distaccamento Aeronautico di Capo Mele &#8211; Sono queste le sensazioni vissute con spontaneit\u00e0 e trasporto, nel corso della Messa celebrata ieri dal Vescovo di Albenga ed Imperia, Mons. Guglielmo Borghetti; un momento di comunione di cui avevamo bisogno; raro, visto il contesto emergenziale, e necessario per confermare la fattiva vicinanza fra le Istituzioni della provincia di Savona e del contesto andorese. Una particolare ringraziamento va al Comune di Andora, al Sindaco Mauro Demichelis ed al vice-Sindaco Patrizia Lanfredi, per l\u2019ormai consueto supporto e per la condivisione di intenti che anima le nostre collaborazioni. Le donne e gli uomini dell\u2019Aeronautica Militare procedono senza sosta nel compimento del loro ruolo istituzionale, in maniera silente ma efficace ed incisiva, sempre con la benevola protezione della Madonna di Loreto alla quale guardiamo con affetto e devozione.\u201d<\/p>\n<p>Fu Papa Benedetto XV a dichiarare la Beata Vergine di Loreto &#8220;Patrona di tutti gli aeronauti&#8221; il 24 marzo 1920. Il 28 marzo 1923, l&#8217;Aeronautica Militare viene fondata come Forza Armata indipendente e da tale data in tutti i Reparti si venera la Virgo Lauretana.<\/p>\n<p>&#8220;Abbiamo bisogno di volare alto e di non abbandonare i grandi ideali della nostra giovinezza. Bisogna guardare in alto e avere i piedi per terra per affrontare le sfide della contemporaneit\u00e0 -ha detto nella sua omelia il Vescovo, Guglielmo Borghetti &#8211; Bisogna contemplare Maria, imitare Maria, il mistero di questa donna unica, amata dal Signore che ha compiuto in lei cose meravigliose. Maria \u00e8 la donna semplice, &#8220;sorella nostra&#8221;. Imitiamo la sue virt\u00f9 di semplicit\u00e0. La grazia di questo centenario avvolge anche la comunit\u00e0&#8221;.<\/p>\n","protected":false},"excerpt":{"rendered":"<p>La messa celebrata dal vescovo Borghetti nel centenario della proclamazione della patrona degli aeronauti<\/p>\n","protected":false},"author":4,"featured_media":0,"comment_status":"open","ping_status":"closed","sticky":false,"template":"","format":"standard","meta":{"footnotes":""},"categories":[45296,56],"tags":[612,116839],"class_list":["post-513399","post","type-post","status-publish","format-standard","hentry","category-copertina","category-altre","tag-aeronautica","tag-madonna-di-loreto","post_cat_citta-andora","post_tag_personaggi-patrizia-lanfredi","post_tag_personaggi-vescovo-guglielmo-borghetti"],"amp_validity":null,"amp_enabled":true,"_links":{"self":[{"href":"https:\/\/staging.ivg.it\/ediapi\/wp\/v2\/posts\/513399","targetHints":{"allow":["GET"]}}],"collection":[{"href":"https:\/\/staging.ivg.it\/ediapi\/wp\/v2\/posts"}],"about":[{"href":"https:\/\/staging.ivg.it\/ediapi\/wp\/v2\/types\/post"}],"author":[{"embeddable":true,"href":"https:\/\/staging.ivg.it\/ediapi\/wp\/v2\/users\/4"}],"replies":[{"embeddable":true,"href":"https:\/\/staging.ivg.it\/ediapi\/wp\/v2\/comments?post=513399"}],"version-history":[{"count":0,"href":"https:\/\/staging.ivg.it\/ediapi\/wp\/v2\/posts\/513399\/revisions"}],"wp:attachment":[{"href":"https:\/\/staging.ivg.it\/ediapi\/wp\/v2\/media?parent=513399"}],"wp:term":[{"taxonomy":"category","embeddable":true,"href":"https:\/\/staging.ivg.it\/ediapi\/wp\/v2\/categories?post=513399"},{"taxonomy":"post_tag","embeddable":true,"href":"https:\/\/staging.ivg.it\/ediapi\/wp\/v2\/tags?post=513399"}],"curies":[{"name":"wp","href":"https:\/\/api.w.org\/{rel}","templated":true}]}}