{"id":513317,"date":"2020-12-01T13:23:00","date_gmt":"2020-12-01T12:23:00","guid":{"rendered":"http:\/\/www.ivg.it\/?p=513317"},"modified":"2020-12-03T20:11:57","modified_gmt":"2020-12-03T19:11:57","slug":"sport-in-lutto-per-la-scomparsa-di-francesco-landucci-il-quilianovalleggia-ci-lascia-una-persona-stupenda","status":"publish","type":"post","link":"https:\/\/staging.ivg.it\/2020\/12\/sport-in-lutto-per-la-scomparsa-di-francesco-landucci-il-quilianovalleggia-ci-lascia-una-persona-stupenda\/","title":{"rendered":"Sport in lutto per la scomparsa di Francesco Landucci, il Quiliano&#038;Valleggia: &#8220;Ci lascia una persona stupenda&#8221;"},"content":{"rendered":"<p><strong>Il mondo dello sport piange la scomparsa di Francesco Landucci<\/strong>. Storico presidente del Valleggia per pi\u00f9 di 40 anni, \u00e8 mancato all&#8217;affetto dei suoi cari oggi all&#8217;et\u00e0 di 76 anni. <strong>Uomo di grande sensibilit\u00e0 e gentilezza, sempre attento al lato sociale dello sport, lascia un vuoto nel cuore di tutti coloro che ne hanno potuto apprezzare le qualit\u00e0 umane e da dirigente<\/strong>. Oltre a essere stato presidente e dirigente dei &#8220;purples&#8221;, ha per lungo tempo avuto un ruolo attivo nell&#8217;organizzazione dei tornei dell&#8217;Uisp. Tra le cose di cui andava pi\u00f9 orgoglioso, l&#8217;<strong>affiliazione del Valleggia alla Lilt<\/strong> (lega italiana per la lotta contro i tumori).<\/p>\n<p>Sono tanti i messaggi di cordoglio comparsi sui social. <strong>Il presidente della Polisportiva Quiliano, di cui Landucci era presidente onorario, lo ricorda attraverso una nota: &#8220;Oggi \u00e8 un giorno triste &#8211; afferma Aureliano Pastorelli &#8211;\u00a0 abbiamo appreso da poche ore la notizia della morte del nostro presidente onorario Francesco Landucci<\/strong>. <strong>Quiliano perde un grande dirigente sportivo ma soprattutto un grandissimo uomo!<\/strong> Francesco il &#8220;Landu&#8221; ha dedicato la sua vita allo sport e al sociale, sempre vicino ai giovani, sempre presente, una parola sempre per tutti, <strong>non ha mai mollato neppure quando le sue condizioni di salute non erano buone<\/strong>. Non potr\u00f2 mai dimenticare le chiacchierate fatte con lui davanti al palazzetto e <strong>i suoi mugugni alle riunioni perch\u00e9 per lui si facevano troppe chiacchiere e si pensava troppo poco ai ragazzi&#8221;<\/strong>.<\/p>\n<p>&#8220;Ho avuto il piacere di averlo come presidente nella mia parentesi da calciatore nel Valleggia nel 1993 (la sua creatura come amava definirla) &#8211; prosegue Pastorelli &#8211;\u00a0 e ricordo che lui ad ogni allenamento era sempre li&#8230; caldo, freddo o pioggia, lui c&#8217;era sempre! Ciao Francesco,<strong> fai buon viaggio e grazie per quello che hai dato a tutti noi e stanne certo far\u00f2 ci\u00f2 che mi hai sempre detto: &#8216;Aureliano pensa ai ragazzi perch\u00e9 noi siamo qui per loro'&#8221;<\/strong><\/p>\n<p>Profonda tristezza anche nelle parole del Quiliano&amp;Valleggia, sodalizio nato nel 2017 dalla fusione tra le due societ\u00e0 che ne compongono il nome. &#8220;Con immensa commozione ci stringiamo al cordoglio del nostro presidente Giorgio Landucci e della sua famiglia per la scomparsa del caro Francesco, storico presidente dell&#8217;ASD Valleggia 1972 e presidente onorario della nostra Polisportiva Quiliano. <strong>Francesco \u00e8 stata una figura storica del calcio dilettantistico savonese, sempre impegnato per il sociale, insieme alla LILT e a tante altre associazioni. Ci lascia una persona stupenda, quilianese, molto vicino alla nostra societ\u00e0 e a tutto il calcio amatoriale, ricordiamo i tantissimi tornei di calcio a cinque organizzati, insieme alla UISP Comitato di Savona, con passione e volont\u00e0. Ciao Francesco<\/strong>&#8220;, questo il comunicato del club che si chiude con un cuore viola, proprio come il colore del suo Valleggia.<\/p>\n<p><strong>Il messaggio della Letimbro<\/strong>: &#8220;Lo staff della U.S. Letimbro 1945 esprime il proprio cordoglio alla Polisportiva Quiliano e alla famiglia per l&#8217;improvvisa scomparsa del presidente Francesco Landucci, figura storica del calcio dilettentistico vero&#8221;. Il cordoglio dell<strong>a Veloce:<\/strong>\u00a0&#8220;Il Presidente Bertrand Viti, unitamente a tutto il Consiglio Direttivo della FBC Veloce 1910, si stringe alla famiglia ed al Quiliano&amp;Valleggia per la scomparsa del caro Francesco Landucci&#8221;.<\/p>\n<p>Anche la <strong>Polisportiva Nolese <\/strong>&#8220;partecipa commossa\u00a0al dolore dei familiari e dei membri della Societ\u00e0 Quiliano&amp;Valleggia, per la perdita del caro Francesco Landucci, ricordandolo come &#8216;avversario&#8217; sportivo leale e corretto e figura dagli elevati principi di solidariet\u00e0 ed umanit\u00e0 verso il prossimo ed i pi\u00f9 bisognosi&#8221;.<\/p>\n<p>Il presidente, i dirigenti e gli atleti dell&#8217;<strong>Us Priamar 1942 Liguria<\/strong>\u00a0&#8220;si uniscono al cordoglio della Societ\u00e0 Quiliano&amp;Valleggia per la scomparsa del compianto Presidente onorario, sig. Francesco Landucci, vero uomo di sport da sempre promotore dei veri valori di solidariet\u00e0. Mancher\u00e0 a tutta la nostra comunit\u00e0 sportiva!&#8221;.<\/p>\n<p><strong>La cerimonia funebre si terr\u00e0 gioved\u00ec 3 dicembre nella parrocchia di San Lorenzo a Quiliano alle ore 10.<\/strong><\/p>\n","protected":false},"excerpt":{"rendered":"<p>Notizia che getta nello sconforto lo sport quilianese e non solo. Landucci, oltre ad aver guidato il Valleggia, si \u00e8 sempre dedicato a cause importanti privilegiando l&#8217;aspetto umano dello sport<\/p>\n","protected":false},"author":19664,"featured_media":0,"comment_status":"open","ping_status":"closed","sticky":false,"template":"","format":"standard","meta":{"footnotes":""},"categories":[45296,182,134,32],"tags":[85989,100676],"class_list":["post-513317","post","type-post","status-publish","format-standard","hentry","category-copertina","category-calcio","category-rank","category-sport","tag-calcio","tag-quilianovalleggia","post_cat_citta-noli","post_cat_citta-quiliano","post_cat_citta-savona","post_tag_personaggi-francesco-landucci"],"amp_validity":null,"amp_enabled":true,"_links":{"self":[{"href":"https:\/\/staging.ivg.it\/ediapi\/wp\/v2\/posts\/513317","targetHints":{"allow":["GET"]}}],"collection":[{"href":"https:\/\/staging.ivg.it\/ediapi\/wp\/v2\/posts"}],"about":[{"href":"https:\/\/staging.ivg.it\/ediapi\/wp\/v2\/types\/post"}],"author":[{"embeddable":true,"href":"https:\/\/staging.ivg.it\/ediapi\/wp\/v2\/users\/19664"}],"replies":[{"embeddable":true,"href":"https:\/\/staging.ivg.it\/ediapi\/wp\/v2\/comments?post=513317"}],"version-history":[{"count":0,"href":"https:\/\/staging.ivg.it\/ediapi\/wp\/v2\/posts\/513317\/revisions"}],"wp:attachment":[{"href":"https:\/\/staging.ivg.it\/ediapi\/wp\/v2\/media?parent=513317"}],"wp:term":[{"taxonomy":"category","embeddable":true,"href":"https:\/\/staging.ivg.it\/ediapi\/wp\/v2\/categories?post=513317"},{"taxonomy":"post_tag","embeddable":true,"href":"https:\/\/staging.ivg.it\/ediapi\/wp\/v2\/tags?post=513317"}],"curies":[{"name":"wp","href":"https:\/\/api.w.org\/{rel}","templated":true}]}}