{"id":513248,"date":"2020-11-30T12:51:04","date_gmt":"2020-11-30T11:51:04","guid":{"rendered":"http:\/\/www.ivg.it\/?p=513248"},"modified":"2020-11-30T12:55:24","modified_gmt":"2020-11-30T11:55:24","slug":"nato-nelle-grotte-per-sfuggire-al-bombardamento-un-segno-del-destino-toirano-piange-lucio-canavese","status":"publish","type":"post","link":"https:\/\/staging.ivg.it\/2020\/11\/nato-nelle-grotte-per-sfuggire-al-bombardamento-un-segno-del-destino-toirano-piange-lucio-canavese\/","title":{"rendered":"Nato nelle grotte per sfuggire al bombardamento, un segno del destino: Toirano piange Lucio Canavese"},"content":{"rendered":"<p><strong>Toirano.<\/strong> Era nato il 13 agosto del 1944, nella grotta di Santa Lucia, dove i genitori avevano trovato riparo durante il cruento bombardamento del giorno precedente. E per questo lo avevano chimato Lucio.<\/p>\n<p>Toirano \u00e8 in lutto per la scomparsa di Lucio Canavese, vice sindaco del Comune di Toirano nel 2000 e consigliere al Turismo dal 2014 al 2019. Oltre ad essere conosciuto come amministratore aveva anche una nota impresa di noleggio di pianoforti.<\/p>\n<p>&#8220;Amico di tante sfide e dei tanti progetti per la nostra Toirano, oggi ci lasci, nella consapevolezza di aver perso una grande uomo, un emerito concittadino. Mancherai molto alla tua Toirano, a questa cittadina che ti ha dato i natali in uno dei giorni pi\u00f9 significativi della sua storia&#8221; ricorda il sindaco Giuseppe De Fezza.<\/p>\n<p>&#8220;La tua nascita nella grotta di Santa Lucia \u00e8 stata un segno che ti ha accompagnato per sempre durante tutta la tua vita, dedicandola alla comunit\u00e0 con uno sguardo d\u2019amore e di rispetto rivolto alle tue grotte&#8221;, conclude il primo cittadino toiranese, che ha espresso il cordoglio e le condoglianze alla famiglia a nome di tutta l&#8217;amministrazione comunale.<\/p>\n<p>Lascia la moglie Carmen, i figli Massimiliano e Gianluca, le nuore Nu-oy e Michela, i nipoti Paolo, Stefania, Thipnapa ed Aurora, il fratello Gianluigi e il cognato Mirko.<\/p>\n<p>Il funerale avr\u00e0 luogo mercoled\u00ec 2 dicembre alle ore 14,30 nella Chiesa Parrocchiale di San Martino Vescovo in Toirano: dopo il rito funebre la salma proseguir\u00e0 per il cimitero di Boissano. Il Santo Rosario verr\u00e0 recitato domani, marted\u00ec 1 dicembre alle ore 17.00, nella Chiesa della Madonna del Rosario a Toirano.<\/p>\n<p>Non fiori ma offerte all\u2019A.I.L., Associazione Italiana contro Leucemie, Linfomi e Mieloma: la richiesta della famiglia di Lucio.<\/p>\n","protected":false},"excerpt":{"rendered":"<p>E&#8217; stato vice sindaco del Comune di Toirano nel 2000 e consigliere al Turismo dal 2014 al 2019<\/p>\n","protected":false},"author":4,"featured_media":0,"comment_status":"open","ping_status":"closed","sticky":false,"template":"","format":"standard","meta":{"footnotes":""},"categories":[45296,34,35,31],"tags":[1220],"class_list":["post-513248","post","type-post","status-publish","format-standard","hentry","category-copertina","category-cronaca","category-economia","category-politica","tag-lutto","post_cat_citta-toirano","post_tag_personaggi-lucio-canavese"],"amp_validity":null,"amp_enabled":true,"_links":{"self":[{"href":"https:\/\/staging.ivg.it\/ediapi\/wp\/v2\/posts\/513248","targetHints":{"allow":["GET"]}}],"collection":[{"href":"https:\/\/staging.ivg.it\/ediapi\/wp\/v2\/posts"}],"about":[{"href":"https:\/\/staging.ivg.it\/ediapi\/wp\/v2\/types\/post"}],"author":[{"embeddable":true,"href":"https:\/\/staging.ivg.it\/ediapi\/wp\/v2\/users\/4"}],"replies":[{"embeddable":true,"href":"https:\/\/staging.ivg.it\/ediapi\/wp\/v2\/comments?post=513248"}],"version-history":[{"count":0,"href":"https:\/\/staging.ivg.it\/ediapi\/wp\/v2\/posts\/513248\/revisions"}],"wp:attachment":[{"href":"https:\/\/staging.ivg.it\/ediapi\/wp\/v2\/media?parent=513248"}],"wp:term":[{"taxonomy":"category","embeddable":true,"href":"https:\/\/staging.ivg.it\/ediapi\/wp\/v2\/categories?post=513248"},{"taxonomy":"post_tag","embeddable":true,"href":"https:\/\/staging.ivg.it\/ediapi\/wp\/v2\/tags?post=513248"}],"curies":[{"name":"wp","href":"https:\/\/api.w.org\/{rel}","templated":true}]}}