{"id":513202,"date":"2020-11-29T17:25:05","date_gmt":"2020-11-29T16:25:05","guid":{"rendered":"http:\/\/www.ivg.it\/?p=513202"},"modified":"2020-11-29T17:25:05","modified_gmt":"2020-11-29T16:25:05","slug":"vanni-oddera-porta-lalbero-di-natale-allabeo-per-i-bimbi-del-gaslini-le-luminarie-le-offre-pontinvrea","status":"publish","type":"post","link":"https:\/\/staging.ivg.it\/2020\/11\/vanni-oddera-porta-lalbero-di-natale-allabeo-per-i-bimbi-del-gaslini-le-luminarie-le-offre-pontinvrea\/","title":{"rendered":"Vanni Oddera porta l&#8217;albero di Natale all&#8217;Abeo per i bimbi del Gaslini: le luminarie le offre Pontinvrea"},"content":{"rendered":"<p><strong>Pontinvrea.<\/strong> Ieri mattina presto quattro amici si sono svegliati e sotto la pioggia hanno voluto realizzare un piccolo sogno per le famiglie ospiti dell&#8217;Abeo, struttura che offre alloggio ai nuclei famigliari in difficolt\u00e0 con  bambini ricoverati in oncologia pediatrica all&#8217;ospedale  Gaslini di Genova. Cos\u00ec hanno preso un abete lungo 7 metri, lo hanno caricato dentro un furgone e lo hanno portato nel capoluogo.<\/p>\n<p>I quattro protagonisti sono Vanni Oddera, Matteo Vigliecca, Lorenzo Biale e Fabio Beltrame. &#8220;L&#8217;impresa non  \u00e8 stata facile &#8211; raccontano &#8211; Avete presente caricare un abete di sette metri dentro un furgone e portarlo in centro a Genova? Avete presente fissare un albero cos\u00ec alto e addobbarlo senza cestelli? Ma se c&#8217;\u00e8 il cuore tutto \u00e8 possibile&#8221;. La loro &#8220;impresa&#8221; \u00e8 stata anche immortalata in un video a lieto fine, realizzato da Samuel Rosso.<\/p>\n<p>L&#8217;abete \u00e8 stato fornito da GianRoberto Tagliero. Come ogni albero di Natale, inoltre, \u00e8 provvisto di luminarie: in questo caso a procurarle sono stati la pro loco di Pontinvrea e il sindaco, Matteo Camiciottoli.<\/p>\n","protected":false},"excerpt":{"rendered":"<p>In quattro hanno caricato un abete di 7 metri dentro un furgone e lo hanno portato fino a Genova<\/p>\n","protected":false},"author":10593,"featured_media":0,"comment_status":"open","ping_status":"closed","sticky":false,"template":"","format":"standard","meta":{"footnotes":""},"categories":[56],"tags":[5545,105264],"class_list":["post-513202","post","type-post","status-publish","format-standard","hentry","category-altre","tag-gaslini","tag-onlus-abeo-di-genova","post_tag_personaggi-vanni-oddera"],"amp_validity":null,"amp_enabled":true,"_links":{"self":[{"href":"https:\/\/staging.ivg.it\/ediapi\/wp\/v2\/posts\/513202","targetHints":{"allow":["GET"]}}],"collection":[{"href":"https:\/\/staging.ivg.it\/ediapi\/wp\/v2\/posts"}],"about":[{"href":"https:\/\/staging.ivg.it\/ediapi\/wp\/v2\/types\/post"}],"author":[{"embeddable":true,"href":"https:\/\/staging.ivg.it\/ediapi\/wp\/v2\/users\/10593"}],"replies":[{"embeddable":true,"href":"https:\/\/staging.ivg.it\/ediapi\/wp\/v2\/comments?post=513202"}],"version-history":[{"count":0,"href":"https:\/\/staging.ivg.it\/ediapi\/wp\/v2\/posts\/513202\/revisions"}],"wp:attachment":[{"href":"https:\/\/staging.ivg.it\/ediapi\/wp\/v2\/media?parent=513202"}],"wp:term":[{"taxonomy":"category","embeddable":true,"href":"https:\/\/staging.ivg.it\/ediapi\/wp\/v2\/categories?post=513202"},{"taxonomy":"post_tag","embeddable":true,"href":"https:\/\/staging.ivg.it\/ediapi\/wp\/v2\/tags?post=513202"}],"curies":[{"name":"wp","href":"https:\/\/api.w.org\/{rel}","templated":true}]}}