{"id":513201,"date":"2020-11-29T17:11:21","date_gmt":"2020-11-29T16:11:21","guid":{"rendered":"http:\/\/www.ivg.it\/?p=513201"},"modified":"2020-11-30T19:11:20","modified_gmt":"2020-11-30T18:11:20","slug":"lutto-ad-albenga-scomparso-a-71-anni-carmine-di-lieto","status":"publish","type":"post","link":"https:\/\/staging.ivg.it\/2020\/11\/lutto-ad-albenga-scomparso-a-71-anni-carmine-di-lieto\/","title":{"rendered":"Lutto ad Albenga, scomparso a 71 anni Carmine Di Lieto"},"content":{"rendered":"<p><strong>Albenga.<\/strong> Lutto ad Albenga per la scomparso di Carmine Di Lieto, 71 anni. Era stato insegnante all&#8217;Itis di Campochiesa d&#8217;Albenga.<\/p>\n<p>Padre di Alfonso, titolare della pizzeria Le Anfore, era molto conosciuto, un\u2019autentico pilastro del centro storico. Grande partecipazione della comunit\u00e0 ingauna per questa grave perdita.<\/p>\n<p>Lascia i figli Raffaella, Maria, Francesco e Alfonso. La salma rimarr\u00e0 nell&#8217;abitazione a San Fedele fino a marted\u00ec mattina, quando sar\u00e0 portata al Tempio Crematorio.<\/p>\n<p>Il sindaco Riccardo Tomatis ricorda: &#8220;Carmine era un uomo buono, sorridente e affabile. Mi mancher\u00e0 molto fermarmi a parlare con lui di fronte alla Pizzeria &#8220;Le Anfore&#8221; che ha gestito sempre con impegno e amore. Il Prof aveva sempre un sorriso e una battuta per tutti e con simpatia e arguzia sapeva trasformare le giornate di chi lo incontrava. In questo momento di dolore il pensiero va ai suoi amati figli attorno ai quali io e tutta l&#8217;amministrazione ci stringiamo. Ciao Carmine, ciao Prof!&#8221;<\/p>\n<p>Anche i Fieui di Caruggi ricordano Di Lieto: &#8220;Il 2020 si conferma un anno orribile. Persona di straordinaria umanit\u00e0, generoso, disponibile, sempre sorridente e attento agli altri. Insegnante amato e stimato da alunni e colleghi. I nostri caruggi sono ancora pi\u00f9 poveri: la tua presenza discreta, il tuo saluto cordiale, la tua riservatezza mancheranno a tutti coloro che ti hanno conosciuto e apprezzato. Continuerai a vivere nei tuoi quattro splendidi figli&#8221;.<\/p>\n<p>&nbsp;<\/p>\n","protected":false},"excerpt":{"rendered":"<p>Lascia quattro figli: Raffaella, Maria, Francesco e Alfonso<\/p>\n","protected":false},"author":20968,"featured_media":0,"comment_status":"open","ping_status":"closed","sticky":false,"template":"","format":"standard","meta":{"footnotes":""},"categories":[34],"tags":[],"class_list":["post-513201","post","type-post","status-publish","format-standard","hentry","category-cronaca","post_cat_citta-albenga","post_tag_personaggi-carmine-di-lieto"],"amp_validity":null,"amp_enabled":true,"_links":{"self":[{"href":"https:\/\/staging.ivg.it\/ediapi\/wp\/v2\/posts\/513201","targetHints":{"allow":["GET"]}}],"collection":[{"href":"https:\/\/staging.ivg.it\/ediapi\/wp\/v2\/posts"}],"about":[{"href":"https:\/\/staging.ivg.it\/ediapi\/wp\/v2\/types\/post"}],"author":[{"embeddable":true,"href":"https:\/\/staging.ivg.it\/ediapi\/wp\/v2\/users\/20968"}],"replies":[{"embeddable":true,"href":"https:\/\/staging.ivg.it\/ediapi\/wp\/v2\/comments?post=513201"}],"version-history":[{"count":0,"href":"https:\/\/staging.ivg.it\/ediapi\/wp\/v2\/posts\/513201\/revisions"}],"wp:attachment":[{"href":"https:\/\/staging.ivg.it\/ediapi\/wp\/v2\/media?parent=513201"}],"wp:term":[{"taxonomy":"category","embeddable":true,"href":"https:\/\/staging.ivg.it\/ediapi\/wp\/v2\/categories?post=513201"},{"taxonomy":"post_tag","embeddable":true,"href":"https:\/\/staging.ivg.it\/ediapi\/wp\/v2\/tags?post=513201"}],"curies":[{"name":"wp","href":"https:\/\/api.w.org\/{rel}","templated":true}]}}