{"id":513192,"date":"2020-11-29T14:43:43","date_gmt":"2020-11-29T13:43:43","guid":{"rendered":"http:\/\/www.ivg.it\/?p=513192"},"modified":"2020-11-29T14:49:20","modified_gmt":"2020-11-29T13:49:20","slug":"savona-lannuncio-di-grande-nord-ci-presenteremo-alle-comunali-2021-con-una-nostra-lista","status":"publish","type":"post","link":"https:\/\/staging.ivg.it\/2020\/11\/savona-lannuncio-di-grande-nord-ci-presenteremo-alle-comunali-2021-con-una-nostra-lista\/","title":{"rendered":"Savona, l&#8217;annuncio di Grande Nord: &#8220;Alle comunali 2021 con una nostra lista&#8221;"},"content":{"rendered":"<p><strong>Savona.<\/strong> &#8220;Da movimento intendiamo trasformarci in un vero e proprio partito, presentando liste in tutti i centri <strong>a cominciare dal comune di Savona<\/strong>&#8220;. Lo ha annunciato il segretario regionale di &#8220;Grande Nord&#8221;, <strong>Luigi Basso<\/strong>, nel corso di una <a href=\"https:\/\/www.riviera24.it\/2020\/11\/luigi-basso-segretario-regionale-di-grande-nord-nostre-liste-in-tutti-i-comuni-al-voto-659729\/\">intervista video con il collega Diego David di Riviera24<\/a>.<\/p>\n<p>Basso, attuale assessore alle Finanze del Comune di Diano Marina, ha fatto il punto politico del neonato movimento anche in vista delle tornata elettorale della prossima primavera. &#8220;Durante la campagna elettorale delle regionali avevamo previsto questa emergenza pandemica &#8211; racconta &#8211; non perch\u00e9 abbiamo doti divinatorie ma perch\u00e9 tutti i dati a livello nazionale ed europeo portavano a credere nell&#8217;arrivo di questa seconda ondata. E le restrizioni hanno impattato anche sulla nostra struttura, impedendoci le riunioni. Si fa presto a parlare di videoconferenze: in politica il contatto umano \u00e8 insostituibile&#8221;.<\/p>\n<p>Il <strong>primo obiettivo<\/strong> di Grande Liguria ora sono proprio le <strong>elezioni di Savona<\/strong>, dove il partito vuole presentarsi con il proprio simbolo e propri candidati: &#8220;Dopo le regionali siamo stati contattati da tanti gruppi e associazioni, soprattutto savonesi &#8211; rivela &#8211; e non nascondo che la provincia di Savona sar\u00e0 forse la pi\u00f9 importante in cui si voter\u00e0, se non altro perch\u00e9 l\u00ec si far\u00e0 nel capoluogo di provincia. <strong>A Savona gli equilibri sono un po&#8217; instabili<\/strong>, quindi <strong>non mi stupisce che ci abbiano contattato un po&#8217; da tutte le parti per capire cosa vogliamo fare<\/strong>. Stiamo lavorando, con il nostro responsabile provinciale Paolino che ha gi\u00e0 avviato delle interlocuzioni con molti politici locali&#8221;.<\/p>\n","protected":false},"excerpt":{"rendered":"<p>Lo ha svelato il segretario regionale di Luigi Basso: &#8220;A Savona equilibri instabili, tanti vogliono capire cosa faremo&#8221;<\/p>\n","protected":false},"author":10593,"featured_media":0,"comment_status":"open","ping_status":"closed","sticky":false,"template":"","format":"standard","meta":{"footnotes":""},"categories":[45296,31],"tags":[114945,107921],"class_list":["post-513192","post","type-post","status-publish","format-standard","hentry","category-copertina","category-politica","tag-grande-liguria","tag-savona-2021","post_cat_citta-savona","post_tag_personaggi-luigi-basso"],"amp_validity":null,"amp_enabled":true,"_links":{"self":[{"href":"https:\/\/staging.ivg.it\/ediapi\/wp\/v2\/posts\/513192","targetHints":{"allow":["GET"]}}],"collection":[{"href":"https:\/\/staging.ivg.it\/ediapi\/wp\/v2\/posts"}],"about":[{"href":"https:\/\/staging.ivg.it\/ediapi\/wp\/v2\/types\/post"}],"author":[{"embeddable":true,"href":"https:\/\/staging.ivg.it\/ediapi\/wp\/v2\/users\/10593"}],"replies":[{"embeddable":true,"href":"https:\/\/staging.ivg.it\/ediapi\/wp\/v2\/comments?post=513192"}],"version-history":[{"count":0,"href":"https:\/\/staging.ivg.it\/ediapi\/wp\/v2\/posts\/513192\/revisions"}],"wp:attachment":[{"href":"https:\/\/staging.ivg.it\/ediapi\/wp\/v2\/media?parent=513192"}],"wp:term":[{"taxonomy":"category","embeddable":true,"href":"https:\/\/staging.ivg.it\/ediapi\/wp\/v2\/categories?post=513192"},{"taxonomy":"post_tag","embeddable":true,"href":"https:\/\/staging.ivg.it\/ediapi\/wp\/v2\/tags?post=513192"}],"curies":[{"name":"wp","href":"https:\/\/api.w.org\/{rel}","templated":true}]}}