{"id":513046,"date":"2020-11-27T07:15:07","date_gmt":"2020-11-27T06:15:07","guid":{"rendered":"http:\/\/www.ivg.it\/?p=513046"},"modified":"2020-11-27T07:15:07","modified_gmt":"2020-11-27T06:15:07","slug":"meteo-black-friday-allinsegna-del-brutto-tempo-nel-weekend-nuvole-e-pioggia","status":"publish","type":"post","link":"https:\/\/staging.ivg.it\/2020\/11\/meteo-black-friday-allinsegna-del-brutto-tempo-nel-weekend-nuvole-e-pioggia\/","title":{"rendered":"Meteo, Black Friday all&#8217;insegna del brutto tempo: nel weekend nuvole e pioggia"},"content":{"rendered":"<p><strong>Liguria.<\/strong>\u00a0Secondo gli esperti del Centro Limet, fin dal mattino di oggi, venerd\u00ec 27 novembre, avremo un aumento della nuvolosit\u00e0 sull\u2019intera regione. Non si escludono anche locali pioviggini o deboli piovaschi sul ponente. Nel corso del pomeriggio ulteriore infittimento della nuvolosit\u00e0 accompagnato da deboli piovaschi sparsi. Dalla sera precipitazioni via via pi\u00f9 diffuse.<\/p>\n<p>L\u2019avvicinamento di una perturbazione determina un aumento della nuvolosit\u00e0 nella giornata di venerd\u00ec con anche la possibilit\u00e0 di qualche piovasco. Nella prima parte di sabato precipitazioni diffuse, a seguire situazione in miglioramento.<\/p>\n<p>I venti saranno moderati con rinforzi fino a tesi da nord\/nord-est sul centro-ponente, deboli o al pi\u00f9 moderati orientali a levante. Mari: tra poco mosso e mosso sotto-costa, fino a molto mosso al largo.<\/p>\n<p>Per quanto riguarda le temperature, previste in aumento le minime lungo la costa, stazionarie o in lieve calo le massime.\u00a0Costa: min +8\/13\u00b0C, max +13\/16\u00b0C\u00a0Interno: min -3\/+6\u00b0C, max +8\/12\u00b0C.<\/p>\n","protected":false},"excerpt":{"rendered":"<p>Le previsioni per la giornata <\/p>\n","protected":false},"author":17962,"featured_media":0,"comment_status":"open","ping_status":"closed","sticky":false,"template":"","format":"standard","meta":{"footnotes":""},"categories":[45296,56],"tags":[652],"class_list":["post-513046","post","type-post","status-publish","format-standard","hentry","category-copertina","category-altre","tag-meteo"],"amp_validity":null,"amp_enabled":true,"_links":{"self":[{"href":"https:\/\/staging.ivg.it\/ediapi\/wp\/v2\/posts\/513046","targetHints":{"allow":["GET"]}}],"collection":[{"href":"https:\/\/staging.ivg.it\/ediapi\/wp\/v2\/posts"}],"about":[{"href":"https:\/\/staging.ivg.it\/ediapi\/wp\/v2\/types\/post"}],"author":[{"embeddable":true,"href":"https:\/\/staging.ivg.it\/ediapi\/wp\/v2\/users\/17962"}],"replies":[{"embeddable":true,"href":"https:\/\/staging.ivg.it\/ediapi\/wp\/v2\/comments?post=513046"}],"version-history":[{"count":0,"href":"https:\/\/staging.ivg.it\/ediapi\/wp\/v2\/posts\/513046\/revisions"}],"wp:attachment":[{"href":"https:\/\/staging.ivg.it\/ediapi\/wp\/v2\/media?parent=513046"}],"wp:term":[{"taxonomy":"category","embeddable":true,"href":"https:\/\/staging.ivg.it\/ediapi\/wp\/v2\/categories?post=513046"},{"taxonomy":"post_tag","embeddable":true,"href":"https:\/\/staging.ivg.it\/ediapi\/wp\/v2\/tags?post=513046"}],"curies":[{"name":"wp","href":"https:\/\/api.w.org\/{rel}","templated":true}]}}