{"id":512678,"date":"2020-11-22T12:19:47","date_gmt":"2020-11-22T11:19:47","guid":{"rendered":"http:\/\/www.ivg.it\/?p=512678"},"modified":"2020-11-22T12:19:47","modified_gmt":"2020-11-22T11:19:47","slug":"a-plodio-festa-per-i-98-anni-di-nonna-pierina-bonino","status":"publish","type":"post","link":"https:\/\/staging.ivg.it\/2020\/11\/a-plodio-festa-per-i-98-anni-di-nonna-pierina-bonino\/","title":{"rendered":"A Plodio festa per i 98 anni di nonna Pierina Bonino"},"content":{"rendered":"<p><strong>Plodio.<\/strong> Un compleanno speciale a Plodio, dove Pierina Bonino ha spento ben 98 candeline ed \u00e8 stata omaggiata dal sindaco Gabriele Badano e dell&#8217;assessore Carme Prando in rappresentanza dell&#8217;Amministrazione comunale (nella foto\u00a0con la festeggiata, la figlia Maria Teresa, e, alla destra, il figlio\u00a0Oreste).<\/p>\n<p>&#8220;Si tratta di\u00a0un piccolo gesto che vuole per\u00f2 simbolicamente sancire come le persone pi\u00f9 anziane siano, sempre e comunque, ma se possibile ancora di pi\u00f9 in una piccola comunit\u00e0 come la nostra, le radici su cui possono crescere e germogliare nuovi e sani frutti &#8211; commenta il sindaco &#8211;\u00a0L&#8217;incontro, che \u00e8 stato molto intenso ed emozionante, si \u00e8 svolto all&#8217;aperto e a distanza, nel rispetto pi\u00f9 assoluto delle norme sanitarie in vigore che cos\u00ec pesantemente gravano sulla nostra vita quotidiana&#8221;.<\/p>\n<p>&#8220;Cogliamo l&#8217;occasione per ricordare, una volta di pi\u00f9, come l&#8217;osservanza scrupolosa di questo stile di vita (distanziamento, uso delle mascherine e lavaggio delle mani) sia lo strumento pi\u00f9 efficace per uscire al pi\u00f9 presto da questo buio periodo. A tal proposito informiamo la cittadinanza che sul sito istituzionale del Comune sono disponibili i dati forniti dalla Asl2 sulla situazione pandemica di Plodio&#8221;, conclude Badano.<\/p>\n","protected":false},"excerpt":{"rendered":"<p>Il sindaco onora gli anziani e raccomanda di rispettare le norme anti contagio<\/p>\n","protected":false},"author":17962,"featured_media":0,"comment_status":"open","ping_status":"closed","sticky":false,"template":"","format":"standard","meta":{"footnotes":""},"categories":[45296,56,92063],"tags":[1836],"class_list":["post-512678","post","type-post","status-publish","format-standard","hentry","category-copertina","category-altre","category-auguri","tag-compleanno","post_cat_citta-plodio","post_tag_personaggi-gabriele-badano"],"amp_validity":null,"amp_enabled":true,"_links":{"self":[{"href":"https:\/\/staging.ivg.it\/ediapi\/wp\/v2\/posts\/512678","targetHints":{"allow":["GET"]}}],"collection":[{"href":"https:\/\/staging.ivg.it\/ediapi\/wp\/v2\/posts"}],"about":[{"href":"https:\/\/staging.ivg.it\/ediapi\/wp\/v2\/types\/post"}],"author":[{"embeddable":true,"href":"https:\/\/staging.ivg.it\/ediapi\/wp\/v2\/users\/17962"}],"replies":[{"embeddable":true,"href":"https:\/\/staging.ivg.it\/ediapi\/wp\/v2\/comments?post=512678"}],"version-history":[{"count":0,"href":"https:\/\/staging.ivg.it\/ediapi\/wp\/v2\/posts\/512678\/revisions"}],"wp:attachment":[{"href":"https:\/\/staging.ivg.it\/ediapi\/wp\/v2\/media?parent=512678"}],"wp:term":[{"taxonomy":"category","embeddable":true,"href":"https:\/\/staging.ivg.it\/ediapi\/wp\/v2\/categories?post=512678"},{"taxonomy":"post_tag","embeddable":true,"href":"https:\/\/staging.ivg.it\/ediapi\/wp\/v2\/tags?post=512678"}],"curies":[{"name":"wp","href":"https:\/\/api.w.org\/{rel}","templated":true}]}}