{"id":512631,"date":"2020-11-21T13:37:24","date_gmt":"2020-11-21T12:37:24","guid":{"rendered":"http:\/\/www.ivg.it\/?p=512631"},"modified":"2020-11-21T13:41:13","modified_gmt":"2020-11-21T12:41:13","slug":"sorpresi-in-piazza-senza-mascherina-forniscono-false-generalita-denunciati","status":"publish","type":"post","link":"https:\/\/staging.ivg.it\/2020\/11\/sorpresi-in-piazza-senza-mascherina-forniscono-false-generalita-denunciati\/","title":{"rendered":"Sorpresi in piazza senza mascherina forniscono false generalit\u00e0: denunciati"},"content":{"rendered":"<p><strong>Cairo Montenotte<\/strong>. I carabinieri dell\u2019Aliquota Radiomobile di Cairo Montenotte, al termine degli accertamenti, hanno deferito in stato di libert\u00e0 per il reato di false dichiarazioni circa l&#8217;identit\u00e0 o qualit\u00e0 personali due persone di 38 anni, con precedenti di polizia. <\/p>\n<p>I due sono stati controllati mentre si trovavano in piazza della Vittoria intenti a chiacchierare con altre persone ed erano sprovvisti di qualsiasi dispositivo di protezione e prevenzione dal contagio da Covid-19: ai militari intervenuti avevano inizialmente detto che stavano svolgendo attivit\u00e0 motoria, circostanza apparsa immediatamente poco plausibile. <\/p>\n<p>Alla richiesta di fornire le proprie generalit\u00e0 i due uomini, sprovvisti di mascherine e documenti di identit\u00e0, hanno dato delle generalit\u00e0 incomplete, infatti omettevano di indicare il loro doppio cognome ed uno di loro un nome diverso. <\/p>\n<p>I successivi controlli, tramite anagrafe hanno permesso di accertare le esatte generalit\u00e0 dei due che sono stati quindi denunciati alla Procura della Repubblica di Savona e sanzionati per la violazione delle norme anti-Covid.<\/p>\n","protected":false},"excerpt":{"rendered":"<p>E&#8217; successo in piazza della Vittoria a Cairo Montenotte nel corso dei controlli dei carabinieri<\/p>\n","protected":false},"author":4,"featured_media":0,"comment_status":"open","ping_status":"closed","sticky":false,"template":"","format":"standard","meta":{"footnotes":""},"categories":[45296,34],"tags":[190,116162,112432],"class_list":["post-512631","post","type-post","status-publish","format-standard","hentry","category-copertina","category-cronaca","tag-carabinieri-cairo","tag-controlli-anti-covid","tag-mascherine","post_cat_citta-cairo-montenotte"],"amp_validity":null,"amp_enabled":true,"_links":{"self":[{"href":"https:\/\/staging.ivg.it\/ediapi\/wp\/v2\/posts\/512631","targetHints":{"allow":["GET"]}}],"collection":[{"href":"https:\/\/staging.ivg.it\/ediapi\/wp\/v2\/posts"}],"about":[{"href":"https:\/\/staging.ivg.it\/ediapi\/wp\/v2\/types\/post"}],"author":[{"embeddable":true,"href":"https:\/\/staging.ivg.it\/ediapi\/wp\/v2\/users\/4"}],"replies":[{"embeddable":true,"href":"https:\/\/staging.ivg.it\/ediapi\/wp\/v2\/comments?post=512631"}],"version-history":[{"count":0,"href":"https:\/\/staging.ivg.it\/ediapi\/wp\/v2\/posts\/512631\/revisions"}],"wp:attachment":[{"href":"https:\/\/staging.ivg.it\/ediapi\/wp\/v2\/media?parent=512631"}],"wp:term":[{"taxonomy":"category","embeddable":true,"href":"https:\/\/staging.ivg.it\/ediapi\/wp\/v2\/categories?post=512631"},{"taxonomy":"post_tag","embeddable":true,"href":"https:\/\/staging.ivg.it\/ediapi\/wp\/v2\/tags?post=512631"}],"curies":[{"name":"wp","href":"https:\/\/api.w.org\/{rel}","templated":true}]}}