{"id":512521,"date":"2020-11-19T17:53:43","date_gmt":"2020-11-19T16:53:43","guid":{"rendered":"http:\/\/www.ivg.it\/?p=512521"},"modified":"2020-11-19T20:19:25","modified_gmt":"2020-11-19T19:19:25","slug":"mister-simone-rattalino-sul-tema-delle-seconde-squadre-campionato-juniores-da-rivedere-le-squadre-b-cosi-hanno-poco-senso","status":"publish","type":"post","link":"https:\/\/staging.ivg.it\/2020\/11\/mister-simone-rattalino-sul-tema-delle-seconde-squadre-campionato-juniores-da-rivedere-le-squadre-b-cosi-hanno-poco-senso\/","title":{"rendered":"Mister Simone Rattalino sul tema delle seconde squadre: &#8220;Campionato Juniores da rivedere, le squadre &#8216;B&#8217; cos\u00ec hanno poco senso&#8221;"},"content":{"rendered":"<p>La pandemia ha creato problemi al mondo del calcio dei professionisti e dei dilettanti. Non \u00e8 di certo il danno peggiore che ha fatto ma \u00e8 indubbio e giusto che le energie del mondo del pallone siano ora concentrate sul capire in che modo e quando si potr\u00e0 riprendere.<\/p>\n<p>Fatta questa premessa, \u00e8 altres\u00ec vero che prima del lockdown non \u00e8 che il panorama del calcio provinciale vivesse un momento particolarmente entusiasmante, come testimonia la scomparsa della Terza Categoria, ormai cinque anni fa, e la fatica incredibile nell&#8217;organizzare i tornei di Seconda Categoria. Insomma, <strong>se da una parte ci siamo assuefatti all&#8217;idea di aver perso una categoria, cosa in realt\u00e0 grave, la composizione del campionato di Seconda (e non solo) ha spesso creato polemiche e malumori<\/strong>. Un campionato che a settembre ha visto l&#8217;iscrizione di numerose squadre &#8220;B&#8221;, sintomo, come affermato dal ds Abbaldo dell&#8217;Olimpia Carcarese, di un altro problema: <strong>la perdita di competitivit\u00e0, legata in gran parte alla regola dei giovani obbligatori nelle prime squadre, del torneo degli Juniores di secondo livello<\/strong>.<\/p>\n<p>Su questo tema, si \u00e8 espresso l&#8217;<strong>attuale allenatore della Villanovese Simone Rattalino<\/strong>, il quale ha maturato esperienza con le formazioni &#8220;under&#8221; nella sua carriera. &#8220;In Coppa c&#8217;\u00e8 la regola dei venticinque giocatori in lista per le seconde squadre &#8211; commenta in occasione della trasmissione &#8220;<a href=\"https:\/\/www.ivg.it\/2020\/11\/a-tu-per-tu-con-mister-simone-rattalino\/\">Parliamo di sport<\/a>&#8221; &#8211; e penso che potrebbe essere una soluzione per evitare un travaso di giocatori dalle squadre &#8220;A&#8221;.<\/p>\n<p>Sui tornei Juniores, questo il Rattalino pensiero: &#8220;<strong>Credo anche io che il problema del torneo Juniores provenga dalla regola dei giovani, che vanno a integrare le rose delle prime squadre impoverendo cos\u00ec il campionato di seconda fascia<\/strong>. <strong>Un torneo Juniores di questo tipo ha poco senso&#8221;<\/strong>.<\/p>\n<p>&#8220;Come hanno poco senso &#8211; conclude Rattalino &#8211; anche le squadre &#8216;B&#8217; cos\u00ec come sono adesso. <strong>Penso che queste squadre debbano avere tutti i diritti e anche tutti i doveri delle altre squadre. Non ha senso, secondo il mio punto di vista, che esse accumulino punteggio senza per\u00f2 poter salire di categoria<\/strong>. Vogliamo fare le seconde squadre per dare una possibilit\u00e0 a chi non vuole fare la Juniores? Lo si pu\u00f2 fare e reputo che non sia una cattiva soluzione. <strong>Ma sarebbe utile consentire a queste compagini di salire fino alla categoria immediatamente sotto a quella in cui gioca la squadra &#8220;A&#8221;, con squadre bloccate chiaramente&#8221;<\/strong>.<\/p>\n<p>&nbsp;<\/p>\n","protected":false},"excerpt":{"rendered":"<p>La possibilit\u00e0 di farle salire di categoria sarebbe un&#8217;ipotesi perseguibile e sensata secondo il trainer della Villanovese<\/p>\n","protected":false},"author":19664,"featured_media":0,"comment_status":"open","ping_status":"closed","sticky":false,"template":"","format":"standard","meta":{"footnotes":""},"categories":[45296,182,134,32],"tags":[92210],"class_list":["post-512521","post","type-post","status-publish","format-standard","hentry","category-copertina","category-calcio","category-rank","category-sport","tag-us-villanovese","post_cat_citta-villanova-dalbenga","post_tag_personaggi-simone-rattalino"],"amp_validity":null,"amp_enabled":true,"_links":{"self":[{"href":"https:\/\/staging.ivg.it\/ediapi\/wp\/v2\/posts\/512521","targetHints":{"allow":["GET"]}}],"collection":[{"href":"https:\/\/staging.ivg.it\/ediapi\/wp\/v2\/posts"}],"about":[{"href":"https:\/\/staging.ivg.it\/ediapi\/wp\/v2\/types\/post"}],"author":[{"embeddable":true,"href":"https:\/\/staging.ivg.it\/ediapi\/wp\/v2\/users\/19664"}],"replies":[{"embeddable":true,"href":"https:\/\/staging.ivg.it\/ediapi\/wp\/v2\/comments?post=512521"}],"version-history":[{"count":0,"href":"https:\/\/staging.ivg.it\/ediapi\/wp\/v2\/posts\/512521\/revisions"}],"wp:attachment":[{"href":"https:\/\/staging.ivg.it\/ediapi\/wp\/v2\/media?parent=512521"}],"wp:term":[{"taxonomy":"category","embeddable":true,"href":"https:\/\/staging.ivg.it\/ediapi\/wp\/v2\/categories?post=512521"},{"taxonomy":"post_tag","embeddable":true,"href":"https:\/\/staging.ivg.it\/ediapi\/wp\/v2\/tags?post=512521"}],"curies":[{"name":"wp","href":"https:\/\/api.w.org\/{rel}","templated":true}]}}